{"id":147239,"date":"2026-01-21T17:23:35","date_gmt":"2026-01-21T20:23:35","guid":{"rendered":"https:\/\/eldiariodesanpedro.com.ar\/sitio\/baradero-el-festival-de-musica-popular-de-baradero-en-riesgo-por-falta-de-financiamiento-municipal\/"},"modified":"2026-01-21T17:23:35","modified_gmt":"2026-01-21T20:23:35","slug":"baradero-el-festival-de-musica-popular-de-baradero-en-riesgo-por-falta-de-financiamiento-municipal","status":"publish","type":"post","link":"https:\/\/eldiariodesanpedro.com.ar\/sitio\/baradero-el-festival-de-musica-popular-de-baradero-en-riesgo-por-falta-de-financiamiento-municipal\/","title":{"rendered":"BARADERO | El Festival de M\u00fasica Popular de Baradero en Riesgo por Falta de Financiamiento Municipal"},"content":{"rendered":"<p><!-- VideographyWP Plugin Message: Automatic video embedding prevented by plugin options. --><\/p>\n<p><strong>El futuro del Festival de M\u00fasica Popular de Baradero, uno de los eventos m\u00e1s representativos de la ciudad y el pa\u00eds, atraviesa un momento de incertidumbre<\/strong>. El intendente <strong>Esteban Sanzio<\/strong> confirm\u00f3 que el Municipio no destinar\u00e1 recursos propios para la contrataci\u00f3n de artistas y supedit\u00f3 la realizaci\u00f3n del festival al aporte de productoras privadas.<\/p>\n<p>D\u00edas atr\u00e1s se hab\u00eda anunciado que el festival tendr\u00eda lugar <strong>del 14 al 16 de febrero<\/strong>. Sin embargo, <strong>a\u00fan no se han confirmado los artistas ni la programaci\u00f3n<\/strong>, lo que genera preocupaci\u00f3n entre los vecinos. La falta de informaci\u00f3n concreta incrementa el temor de una eventual cancelaci\u00f3n del evento cultural, que desde la d\u00e9cada de 1960 identifica a Baradero.<\/p>\n<p>Sanzio explic\u00f3 que, tradicionalmente, la Provincia cubr\u00eda la estructura t\u00e9cnica mientras que el Municipio se encargaba de los artistas. Sin embargo, <strong>la actual situaci\u00f3n econ\u00f3mica impide sostener el mismo esquema<\/strong>. \u00abSi las productoras asumen el costo de cada noche sin que el Municipio tenga que desembolsar fondos, estamos dispuestos a avanzar\u00bb, remarc\u00f3 el mandatario local en di\u00e1logo con medios radiales.<\/p>\n<p>Adem\u00e1s, dej\u00f3 abierta la posibilidad de <strong>modificar la fecha<\/strong> si surgiera alguna propuesta concreta de parte de empresas privadas, reconociendo que el corto plazo hasta febrero limita la organizaci\u00f3n.<\/p>\n<p>Pese a su posici\u00f3n, el intendente <strong>ratific\u00f3 su compromiso con la continuidad del festival<\/strong>, aunque dej\u00f3 en claro que no se comprometer\u00e1n recursos municipales para la contrataci\u00f3n de artistas, priorizando la situaci\u00f3n econ\u00f3mica del distrito.<\/p>\n<p>El Festival de M\u00fasica Popular de Baradero es un <strong>emblema local<\/strong> que desde hace m\u00e1s de seis d\u00e9cadas re\u00fane a destacados exponentes de la m\u00fasica argentina sobre su escenario. Por estos d\u00edas, su edici\u00f3n 2024 se encuentra condicionada a la llegada de inversi\u00f3n externa que garantice su realizaci\u00f3n.<\/p>\n","protected":false},"excerpt":{"rendered":"<p>El Municipio de Baradero no aportar\u00e1 fondos al hist\u00f3rico Festival y busca que productoras privadas asuman los costos para evitar la suspensi\u00f3n.<\/p>\n","protected":false},"author":4,"featured_media":147238,"comment_status":"","ping_status":"","sticky":false,"template":"","format":"standard","meta":{"om_disable_all_campaigns":false,"_jetpack_memberships_contains_paid_content":false,"footnotes":""},"categories":[621],"tags":[],"class_list":["post-147239","post","type-post","status-publish","format-standard","has-post-thumbnail","hentry","category-regionales"],"aioseo_notices":[],"gutentor_comment":0,"jetpack_featured_media_url":"https:\/\/eldiariodesanpedro.com.ar\/sitio\/wp-content\/uploads\/2026\/01\/luciano_pereyra_en_la_edicion_del_festival_2025.jpg","jetpack_shortlink":"https:\/\/wp.me\/p6RhLt-CiP","jetpack_sharing_enabled":true,"_links":{"self":[{"href":"https:\/\/eldiariodesanpedro.com.ar\/sitio\/wp-json\/wp\/v2\/posts\/147239","targetHints":{"allow":["GET"]}}],"collection":[{"href":"https:\/\/eldiariodesanpedro.com.ar\/sitio\/wp-json\/wp\/v2\/posts"}],"about":[{"href":"https:\/\/eldiariodesanpedro.com.ar\/sitio\/wp-json\/wp\/v2\/types\/post"}],"author":[{"embeddable":true,"href":"https:\/\/eldiariodesanpedro.com.ar\/sitio\/wp-json\/wp\/v2\/users\/4"}],"replies":[{"embeddable":true,"href":"https:\/\/eldiariodesanpedro.com.ar\/sitio\/wp-json\/wp\/v2\/comments?post=147239"}],"version-history":[{"count":0,"href":"https:\/\/eldiariodesanpedro.com.ar\/sitio\/wp-json\/wp\/v2\/posts\/147239\/revisions"}],"wp:featuredmedia":[{"embeddable":true,"href":"https:\/\/eldiariodesanpedro.com.ar\/sitio\/wp-json\/wp\/v2\/media\/147238"}],"wp:attachment":[{"href":"https:\/\/eldiariodesanpedro.com.ar\/sitio\/wp-json\/wp\/v2\/media?parent=147239"}],"wp:term":[{"taxonomy":"category","embeddable":true,"href":"https:\/\/eldiariodesanpedro.com.ar\/sitio\/wp-json\/wp\/v2\/categories?post=147239"},{"taxonomy":"post_tag","embeddable":true,"href":"https:\/\/eldiariodesanpedro.com.ar\/sitio\/wp-json\/wp\/v2\/tags?post=147239"}],"curies":[{"name":"wp","href":"https:\/\/api.w.org\/{rel}","templated":true}]}}