{"id":147237,"date":"2026-01-21T17:03:37","date_gmt":"2026-01-21T20:03:37","guid":{"rendered":"https:\/\/eldiariodesanpedro.com.ar\/sitio\/baradero-condenan-a-responsables-de-un-geriatrico-por-la-muerte-de-una-residente-tras-un-incendio\/"},"modified":"2026-01-21T17:03:37","modified_gmt":"2026-01-21T20:03:37","slug":"baradero-condenan-a-responsables-de-un-geriatrico-por-la-muerte-de-una-residente-tras-un-incendio","status":"publish","type":"post","link":"https:\/\/eldiariodesanpedro.com.ar\/sitio\/baradero-condenan-a-responsables-de-un-geriatrico-por-la-muerte-de-una-residente-tras-un-incendio\/","title":{"rendered":"BARADERO | Condenan a responsables de un geri\u00e1trico por la muerte de una residente tras un incendio"},"content":{"rendered":"<p><!-- VideographyWP Plugin Message: Automatic video embedding prevented by plugin options. --><\/p>\n<p><strong>El tribunal de Baradero conden\u00f3 a tres responsables del Hogar Abuela Tita<\/strong> a tres a\u00f1os de prisi\u00f3n en suspenso y la obligaci\u00f3n de cumplir tareas comunitarias, tras hallarlas culpables de negligencia en la muerte de una residente ocurrida a fines de 2022.<\/p>\n<p><strong>El fallecimiento de la mujer mayor<\/strong> sucedi\u00f3 durante un incendio que se desat\u00f3 en su habitaci\u00f3n, seg\u00fan determin\u00f3 la investigaci\u00f3n judicial. El an\u00e1lisis del caso revel\u00f3 <strong>deficiencias graves en la atenci\u00f3n y la ausencia de protocolos de emergencia efectivos<\/strong> dentro del establecimiento geri\u00e1trico.<\/p>\n<p>La Justicia consider\u00f3 como decisivo que el personal a cargo <strong>no asisti\u00f3 a la v\u00edctima en tiempo y forma<\/strong>, agravando as\u00ed el desenlace fatal. Este punto fue central en la imputaci\u00f3n por negligencia que llev\u00f3 al procesamiento penal y la posterior sentencia.<\/p>\n<p>Julia y Katy Menna, hijas de la mujer fallecida, manifestaron su descontento tras la resoluci\u00f3n judicial. Consideran que la pena impuesta es insuficiente respecto a la gravedad del hecho y cuestionaron tanto el accionar de la Fiscal\u00eda como la modalidad de juicio abreviado, proceso al que afirman oponerse desde un comienzo y en el que aseguran no haber sido escuchadas.<\/p>\n<p>La familia sostiene que la investigaci\u00f3n se vio limitada por la falta de preservaci\u00f3n de pruebas y la rapidez con que se llev\u00f3 adelante el tr\u00e1mite judicial, factores que, seg\u00fan expresaron, <strong>redujeron las posibilidades de establecer mayores responsabilidades<\/strong> y recibir una sanci\u00f3n m\u00e1s severa.<\/p>\n<p>Pese al dolor, las hijas de la v\u00edctima destacaron la necesidad de que situaciones como esta no se repitan y solicitaron mayores controles sobre el funcionamiento de los hogares geri\u00e1tricos de la ciudad. El fallo judicial fue considerado el cierre de una etapa, aunque el reclamo en busca de justicia contin\u00faa para la familia de la persona fallecida.<\/p>\n","protected":false},"excerpt":{"rendered":"<p>Tres responsables del Hogar Abuela Tita recibieron prisi\u00f3n en suspenso por negligencia tras el fallecimiento de una mujer mayor en Baradero.<\/p>\n","protected":false},"author":4,"featured_media":147236,"comment_status":"","ping_status":"","sticky":false,"template":"","format":"standard","meta":{"om_disable_all_campaigns":false,"_jetpack_memberships_contains_paid_content":false,"footnotes":""},"categories":[621],"tags":[],"class_list":["post-147237","post","type-post","status-publish","format-standard","has-post-thumbnail","hentry","category-regionales"],"aioseo_notices":[],"gutentor_comment":0,"jetpack_featured_media_url":"https:\/\/eldiariodesanpedro.com.ar\/sitio\/wp-content\/uploads\/2026\/01\/geriatrico.jpg","jetpack_shortlink":"https:\/\/wp.me\/p6RhLt-CiN","jetpack_sharing_enabled":true,"_links":{"self":[{"href":"https:\/\/eldiariodesanpedro.com.ar\/sitio\/wp-json\/wp\/v2\/posts\/147237","targetHints":{"allow":["GET"]}}],"collection":[{"href":"https:\/\/eldiariodesanpedro.com.ar\/sitio\/wp-json\/wp\/v2\/posts"}],"about":[{"href":"https:\/\/eldiariodesanpedro.com.ar\/sitio\/wp-json\/wp\/v2\/types\/post"}],"author":[{"embeddable":true,"href":"https:\/\/eldiariodesanpedro.com.ar\/sitio\/wp-json\/wp\/v2\/users\/4"}],"replies":[{"embeddable":true,"href":"https:\/\/eldiariodesanpedro.com.ar\/sitio\/wp-json\/wp\/v2\/comments?post=147237"}],"version-history":[{"count":0,"href":"https:\/\/eldiariodesanpedro.com.ar\/sitio\/wp-json\/wp\/v2\/posts\/147237\/revisions"}],"wp:featuredmedia":[{"embeddable":true,"href":"https:\/\/eldiariodesanpedro.com.ar\/sitio\/wp-json\/wp\/v2\/media\/147236"}],"wp:attachment":[{"href":"https:\/\/eldiariodesanpedro.com.ar\/sitio\/wp-json\/wp\/v2\/media?parent=147237"}],"wp:term":[{"taxonomy":"category","embeddable":true,"href":"https:\/\/eldiariodesanpedro.com.ar\/sitio\/wp-json\/wp\/v2\/categories?post=147237"},{"taxonomy":"post_tag","embeddable":true,"href":"https:\/\/eldiariodesanpedro.com.ar\/sitio\/wp-json\/wp\/v2\/tags?post=147237"}],"curies":[{"name":"wp","href":"https:\/\/api.w.org\/{rel}","templated":true}]}}