{"id":147235,"date":"2026-01-21T16:56:04","date_gmt":"2026-01-21T19:56:04","guid":{"rendered":"https:\/\/eldiariodesanpedro.com.ar\/sitio\/kicillof-anuncio-la-nueva-direccion-del-banco-provincia-tras-el-debate-por-el-endeudamiento\/"},"modified":"2026-01-21T16:56:04","modified_gmt":"2026-01-21T19:56:04","slug":"kicillof-anuncio-la-nueva-direccion-del-banco-provincia-tras-el-debate-por-el-endeudamiento","status":"publish","type":"post","link":"https:\/\/eldiariodesanpedro.com.ar\/sitio\/kicillof-anuncio-la-nueva-direccion-del-banco-provincia-tras-el-debate-por-el-endeudamiento\/","title":{"rendered":"Kicillof Anunci\u00f3 la Nueva Direcci\u00f3n del Banco Provincia Tras el Debate por el Endeudamiento"},"content":{"rendered":"<p><!-- VideographyWP Plugin Message: Automatic video embedding prevented by plugin options. --><\/p>\n<p><strong>El gobernador Axel Kicillof<\/strong> design\u00f3 formalmente a los nuevos responsables del Banco de la Provincia de Buenos Aires, tras el reciente debate parlamentario por el pedido de endeudamiento que gener\u00f3 controversia en la Legislatura provincial.<\/p>\n<p>Luego de intensas gestiones pol\u00edticas, el mandatario provincial concret\u00f3 los cambios en la <strong>conducci\u00f3n del principal banco p\u00fablico bonaerense<\/strong>, un movimiento clave para consolidar la estrategia financiera del gobierno. La renovaci\u00f3n se produce en un contexto de puja entre distintos sectores oficiales y opositores por la administraci\u00f3n de recursos en la provincia.<\/p>\n<p>El anuncio marca un punto de inflexi\u00f3n tras semanas de negociaciones, y apunta a garantizar la gobernabilidad y la gesti\u00f3n de fondos para obras y servicios esenciales en Buenos Aires. Las nuevas autoridades deber\u00e1n afrontar el desaf\u00edo de mantener el equilibrio en la operatoria de la entidad mientras contin\u00faan los debates sobre el financiamiento provincial.<\/p>\n","protected":false},"excerpt":{"rendered":"<p>El gobernador Axel Kicillof confirm\u00f3 la renovaci\u00f3n de autoridades en el Banco Provincia luego de intensas negociaciones legislativas.<\/p>\n","protected":false},"author":1,"featured_media":147234,"comment_status":"","ping_status":"","sticky":false,"template":"","format":"standard","meta":{"om_disable_all_campaigns":false,"_jetpack_memberships_contains_paid_content":false,"footnotes":""},"categories":[3],"tags":[],"class_list":["post-147235","post","type-post","status-publish","format-standard","has-post-thumbnail","hentry","category-nacionales"],"aioseo_notices":[],"gutentor_comment":0,"jetpack_featured_media_url":"https:\/\/eldiariodesanpedro.com.ar\/sitio\/wp-content\/uploads\/2026\/01\/207187_3.jpg","jetpack_shortlink":"https:\/\/wp.me\/p6RhLt-CiL","jetpack_sharing_enabled":true,"_links":{"self":[{"href":"https:\/\/eldiariodesanpedro.com.ar\/sitio\/wp-json\/wp\/v2\/posts\/147235","targetHints":{"allow":["GET"]}}],"collection":[{"href":"https:\/\/eldiariodesanpedro.com.ar\/sitio\/wp-json\/wp\/v2\/posts"}],"about":[{"href":"https:\/\/eldiariodesanpedro.com.ar\/sitio\/wp-json\/wp\/v2\/types\/post"}],"author":[{"embeddable":true,"href":"https:\/\/eldiariodesanpedro.com.ar\/sitio\/wp-json\/wp\/v2\/users\/1"}],"replies":[{"embeddable":true,"href":"https:\/\/eldiariodesanpedro.com.ar\/sitio\/wp-json\/wp\/v2\/comments?post=147235"}],"version-history":[{"count":0,"href":"https:\/\/eldiariodesanpedro.com.ar\/sitio\/wp-json\/wp\/v2\/posts\/147235\/revisions"}],"wp:featuredmedia":[{"embeddable":true,"href":"https:\/\/eldiariodesanpedro.com.ar\/sitio\/wp-json\/wp\/v2\/media\/147234"}],"wp:attachment":[{"href":"https:\/\/eldiariodesanpedro.com.ar\/sitio\/wp-json\/wp\/v2\/media?parent=147235"}],"wp:term":[{"taxonomy":"category","embeddable":true,"href":"https:\/\/eldiariodesanpedro.com.ar\/sitio\/wp-json\/wp\/v2\/categories?post=147235"},{"taxonomy":"post_tag","embeddable":true,"href":"https:\/\/eldiariodesanpedro.com.ar\/sitio\/wp-json\/wp\/v2\/tags?post=147235"}],"curies":[{"name":"wp","href":"https:\/\/api.w.org\/{rel}","templated":true}]}}