{"id":147231,"date":"2026-01-21T16:23:35","date_gmt":"2026-01-21T19:23:35","guid":{"rendered":"https:\/\/eldiariodesanpedro.com.ar\/sitio\/reconquista-vicentin-inicia-pagos-a-acreedores-y-apuesta-a-la-reactivacion\/"},"modified":"2026-01-21T16:23:35","modified_gmt":"2026-01-21T19:23:35","slug":"reconquista-vicentin-inicia-pagos-a-acreedores-y-apuesta-a-la-reactivacion","status":"publish","type":"post","link":"https:\/\/eldiariodesanpedro.com.ar\/sitio\/reconquista-vicentin-inicia-pagos-a-acreedores-y-apuesta-a-la-reactivacion\/","title":{"rendered":"RECONQUISTA | Vicentin inicia pagos a acreedores y apuesta a la reactivaci\u00f3n"},"content":{"rendered":"<p><!-- VideographyWP Plugin Message: Automatic video embedding prevented by plugin options. --><\/p>\n<p>Luego de m\u00e1s de seis a\u00f1os desde la apertura de su concurso preventivo, <strong>Vicentin<\/strong> marca un nuevo cap\u00edtulo en su historia al concretar los primeros pagos a sus acreedores, en el marco del proceso de reestructuraci\u00f3n.<\/p>\n<p>La firma, ahora conocida como <strong>Nueva Vicentin<\/strong> tras la transferencia de su paquete accionario al <strong>Grupo Grassi<\/strong> en diciembre pasado, confirm\u00f3 que este lunes se efectivizaron los pagos iniciales seg\u00fan el esquema de cramdown recientemente avalado por el <strong>Juzgado Civil y Comercial de Segunda Nominaci\u00f3n de Reconquista<\/strong>, bajo la supervisi\u00f3n del juez <strong>Fabi\u00e1n Lorenzini<\/strong>.<\/p>\n<p>Voceros de la empresa destacaron este hecho como un avance central en la reorganizaci\u00f3n, se\u00f1alando que se cumple as\u00ed con los acuerdos respaldados por quienes adhirieron a la propuesta presentada ante la Justicia.<\/p>\n<p>En esta fase, se realizaron desembolsos para acreedores incluidos en las categor\u00edas A2 y A3. <strong>Un total de 664 beneficiarios ya percibieron sus adelantos financieros<\/strong>, mientras se contin\u00faa con la tramitaci\u00f3n administrativa para otros casos pendientes de documentaci\u00f3n.<\/p>\n<p>Dentro de la categor\u00eda A2 se encuentran los proveedores directos de insumos, quienes recibieron anticipos de hasta 25.000 d\u00f3lares, equivalentes al 80% del cr\u00e9dito reconocido. Por su parte, los integrantes de la categor\u00eda A3, aglutinados en un fideicomiso, accedieron a anticipos similares pero con un tope del 50% de la deuda verificada. Ambas alternativas buscan recomponer el v\u00ednculo comercial con proveedores y actores estrat\u00e9gicos de la firma.<\/p>\n<p>Desde Nueva Vicentin se\u00f1alaron que adem\u00e1s del plano financiero, la recuperaci\u00f3n se apoya en la reactivaci\u00f3n industrial. Actualmente, la <strong>planta de Ricardone<\/strong> opera a plena capacidad, con una producci\u00f3n estimada en 90.000 toneladas mensuales de girasol y derivados.<\/p>\n<p>En simult\u00e1neo, la <strong>planta de San Lorenzo<\/strong> se encuentra en proceso de mantenimiento anual y actualizaci\u00f3n tecnol\u00f3gica, con inversiones orientadas a garantizar su eficiencia y continuidad operativa.<\/p>\n<p>La compa\u00f1\u00eda indic\u00f3 que est\u00e1n bajo revisi\u00f3n todas las unidades de negocio del grupo, como parte de una estrategia integral para fortalecer tanto sus compromisos asumidos como la capacidad productiva y comercial.<\/p>\n","protected":false},"excerpt":{"rendered":"<p>Vicentin comenz\u00f3 a cumplir con sus compromisos tras seis a\u00f1os, dando inicio a los pagos a acreedores y avanzando en su reactivaci\u00f3n industrial.<\/p>\n","protected":false},"author":4,"featured_media":147230,"comment_status":"","ping_status":"","sticky":false,"template":"","format":"standard","meta":{"om_disable_all_campaigns":false,"_jetpack_memberships_contains_paid_content":false,"footnotes":""},"categories":[621],"tags":[],"class_list":["post-147231","post","type-post","status-publish","format-standard","has-post-thumbnail","hentry","category-regionales"],"aioseo_notices":[],"gutentor_comment":0,"jetpack_featured_media_url":"https:\/\/eldiariodesanpedro.com.ar\/sitio\/wp-content\/uploads\/2026\/01\/image-1.jpg","jetpack_shortlink":"https:\/\/wp.me\/p6RhLt-CiH","jetpack_sharing_enabled":true,"_links":{"self":[{"href":"https:\/\/eldiariodesanpedro.com.ar\/sitio\/wp-json\/wp\/v2\/posts\/147231","targetHints":{"allow":["GET"]}}],"collection":[{"href":"https:\/\/eldiariodesanpedro.com.ar\/sitio\/wp-json\/wp\/v2\/posts"}],"about":[{"href":"https:\/\/eldiariodesanpedro.com.ar\/sitio\/wp-json\/wp\/v2\/types\/post"}],"author":[{"embeddable":true,"href":"https:\/\/eldiariodesanpedro.com.ar\/sitio\/wp-json\/wp\/v2\/users\/4"}],"replies":[{"embeddable":true,"href":"https:\/\/eldiariodesanpedro.com.ar\/sitio\/wp-json\/wp\/v2\/comments?post=147231"}],"version-history":[{"count":0,"href":"https:\/\/eldiariodesanpedro.com.ar\/sitio\/wp-json\/wp\/v2\/posts\/147231\/revisions"}],"wp:featuredmedia":[{"embeddable":true,"href":"https:\/\/eldiariodesanpedro.com.ar\/sitio\/wp-json\/wp\/v2\/media\/147230"}],"wp:attachment":[{"href":"https:\/\/eldiariodesanpedro.com.ar\/sitio\/wp-json\/wp\/v2\/media?parent=147231"}],"wp:term":[{"taxonomy":"category","embeddable":true,"href":"https:\/\/eldiariodesanpedro.com.ar\/sitio\/wp-json\/wp\/v2\/categories?post=147231"},{"taxonomy":"post_tag","embeddable":true,"href":"https:\/\/eldiariodesanpedro.com.ar\/sitio\/wp-json\/wp\/v2\/tags?post=147231"}],"curies":[{"name":"wp","href":"https:\/\/api.w.org\/{rel}","templated":true}]}}