{"id":147229,"date":"2026-01-21T16:06:00","date_gmt":"2026-01-21T19:06:00","guid":{"rendered":"https:\/\/eldiariodesanpedro.com.ar\/sitio\/anmat-anula-certificados-nacionales-de-varias-droguerias-en-buenos-aires\/"},"modified":"2026-01-21T16:06:00","modified_gmt":"2026-01-21T19:06:00","slug":"anmat-anula-certificados-nacionales-de-varias-droguerias-en-buenos-aires","status":"publish","type":"post","link":"https:\/\/eldiariodesanpedro.com.ar\/sitio\/anmat-anula-certificados-nacionales-de-varias-droguerias-en-buenos-aires\/","title":{"rendered":"ANMAT Anula Certificados Nacionales de Varias Droguer\u00edas en Buenos Aires"},"content":{"rendered":"<p><!-- VideographyWP Plugin Message: Automatic video embedding prevented by plugin options. --><\/p>\n<p><strong>La Administraci\u00f3n Nacional de Medicamentos, Alimentos y Tecnolog\u00eda M\u00e9dica (ANMAT)<\/strong> ha decidido la anulaci\u00f3n de los certificados nacionales que permit\u00edan operar a varias droguer\u00edas con sede en la provincia de Buenos Aires.<\/p>\n<p>La medida adoptada por el organismo responde a diversos <strong>incumplimientos de normativas vigentes<\/strong> detectados durante las inspecciones en estos establecimientos. Como resultado, las compa\u00f1\u00edas afectadas deber\u00e1n <strong>cesar todas las actividades relacionadas con el almacenamiento y distribuci\u00f3n de productos farmac\u00e9uticos<\/strong> bajo la autorizaci\u00f3n nacional.<\/p>\n<p>Desde ANMAT detallaron que la acci\u00f3n busca garantizar la <strong>seguridad y calidad en la cadena de distribuci\u00f3n de medicamentos<\/strong>, exigiendo el cumplimiento estricto de los requisitos legales y t\u00e9cnicos por parte de las droguer\u00edas. Por el momento, no se dieron a conocer los nombres de las empresas involucradas ni la cantidad exacta de operadores afectados.<\/p>\n<p>La anulaci\u00f3n de estas habilitaciones impacta de forma directa en la provisi\u00f3n de insumos sanitarios en la provincia e impone nuevas condiciones de fiscalizaci\u00f3n para el sector, que deber\u00e1 adecuarse a las exigencias establecidas por la autoridad sanitaria nacional.<\/p>\n","protected":false},"excerpt":{"rendered":"<p>El organismo sanitario revoc\u00f3 la autorizaci\u00f3n nacional de m\u00faltiples droguer\u00edas bonaerenses por incumplimientos normativos.<\/p>\n","protected":false},"author":1,"featured_media":147228,"comment_status":"","ping_status":"","sticky":false,"template":"","format":"standard","meta":{"om_disable_all_campaigns":false,"_jetpack_memberships_contains_paid_content":false,"footnotes":""},"categories":[3],"tags":[],"class_list":["post-147229","post","type-post","status-publish","format-standard","has-post-thumbnail","hentry","category-nacionales"],"aioseo_notices":[],"gutentor_comment":0,"jetpack_featured_media_url":"https:\/\/eldiariodesanpedro.com.ar\/sitio\/wp-content\/uploads\/2026\/01\/207191_3.jpg","jetpack_shortlink":"https:\/\/wp.me\/p6RhLt-CiF","jetpack_sharing_enabled":true,"_links":{"self":[{"href":"https:\/\/eldiariodesanpedro.com.ar\/sitio\/wp-json\/wp\/v2\/posts\/147229","targetHints":{"allow":["GET"]}}],"collection":[{"href":"https:\/\/eldiariodesanpedro.com.ar\/sitio\/wp-json\/wp\/v2\/posts"}],"about":[{"href":"https:\/\/eldiariodesanpedro.com.ar\/sitio\/wp-json\/wp\/v2\/types\/post"}],"author":[{"embeddable":true,"href":"https:\/\/eldiariodesanpedro.com.ar\/sitio\/wp-json\/wp\/v2\/users\/1"}],"replies":[{"embeddable":true,"href":"https:\/\/eldiariodesanpedro.com.ar\/sitio\/wp-json\/wp\/v2\/comments?post=147229"}],"version-history":[{"count":0,"href":"https:\/\/eldiariodesanpedro.com.ar\/sitio\/wp-json\/wp\/v2\/posts\/147229\/revisions"}],"wp:featuredmedia":[{"embeddable":true,"href":"https:\/\/eldiariodesanpedro.com.ar\/sitio\/wp-json\/wp\/v2\/media\/147228"}],"wp:attachment":[{"href":"https:\/\/eldiariodesanpedro.com.ar\/sitio\/wp-json\/wp\/v2\/media?parent=147229"}],"wp:term":[{"taxonomy":"category","embeddable":true,"href":"https:\/\/eldiariodesanpedro.com.ar\/sitio\/wp-json\/wp\/v2\/categories?post=147229"},{"taxonomy":"post_tag","embeddable":true,"href":"https:\/\/eldiariodesanpedro.com.ar\/sitio\/wp-json\/wp\/v2\/tags?post=147229"}],"curies":[{"name":"wp","href":"https:\/\/api.w.org\/{rel}","templated":true}]}}