{"id":147227,"date":"2026-01-21T16:03:33","date_gmt":"2026-01-21T19:03:33","guid":{"rendered":"https:\/\/eldiariodesanpedro.com.ar\/sitio\/arrecifes-nuevo-fallecimiento-por-hantavirus-genera-alarma-en-la-provincia\/"},"modified":"2026-01-21T16:03:33","modified_gmt":"2026-01-21T19:03:33","slug":"arrecifes-nuevo-fallecimiento-por-hantavirus-genera-alarma-en-la-provincia","status":"publish","type":"post","link":"https:\/\/eldiariodesanpedro.com.ar\/sitio\/arrecifes-nuevo-fallecimiento-por-hantavirus-genera-alarma-en-la-provincia\/","title":{"rendered":"ARRECIFES | Nuevo fallecimiento por hantavirus genera alarma en la provincia"},"content":{"rendered":"<p><!-- VideographyWP Plugin Message: Automatic video embedding prevented by plugin options. --><\/p>\n<p><strong>La provincia de Buenos Aires vuelve a estar en alerta<\/strong> tras reportarse el fallecimiento de un habitante de la zona rural de <strong>Arrecifes<\/strong> a causa de hantavirus. Este caso eleva a cinco el n\u00famero de v\u00edctimas fatales en el territorio provincial durante el actual brote.<\/p>\n<p>El <strong>municipio de Arrecifes<\/strong> confirm\u00f3 que el diagn\u00f3stico positivo se conoci\u00f3 este martes por la tarde. Frente a este hecho, personal sanitario puso en marcha los <strong>protocolos de investigaci\u00f3n epidemiol\u00f3gica<\/strong>, haciendo seguimiento a los contactos cercanos del paciente fallecido y reforzando las tareas de prevenci\u00f3n en la regi\u00f3n afectada.<\/p>\n<p>El deceso en Arrecifes se suma a otros registrados en diferentes distritos bonaerenses, donde recientemente perdieron la vida una ni\u00f1a de 10 a\u00f1os en General Belgrano, un hombre de 59 a\u00f1os en la zona de Chacabuco\/Jun\u00edn, un joven de 33 a\u00f1os en Mar del Plata y un adolescente de 14 a\u00f1os en San Andr\u00e9s de Giles.<\/p>\n<p>De acuerdo al \u00faltimo informe del <strong>Ministerio de Salud de la Naci\u00f3n<\/strong>, Buenos Aires, Santa Fe y Entre R\u00edos se encuentran en situaci\u00f3n de brote por hantavirus desde julio de 2025. En territorio bonaerense se confirmaron <strong>35 casos<\/strong>, el doble respecto al a\u00f1o anterior, con una <strong>tasa de letalidad que ronda el 34%<\/strong>.<\/p>\n<p>El <strong>Colegio de Veterinarios de la Provincia<\/strong> advirti\u00f3 que la transmisi\u00f3n se produce principalmente por contacto con secreciones de roedores. Entre las recomendaciones difundidas, se destaca la importancia de ventilar ambientes cerrados, mantener la limpieza adecuada usando soluciones desinfectantes, sellar grietas que permitan el ingreso de roedores y efectuar un mantenimiento peri\u00f3dico en filtros y conductos de aire acondicionado, especialmente en zonas rurales.<\/p>\n","protected":false},"excerpt":{"rendered":"<p>Un vecino rural de Arrecifes muri\u00f3 por hantavirus y ya son cinco las muertes en Buenos Aires, que atraviesa un brote con 35 casos registrados.<\/p>\n","protected":false},"author":4,"featured_media":147226,"comment_status":"","ping_status":"","sticky":false,"template":"","format":"standard","meta":{"om_disable_all_campaigns":false,"_jetpack_memberships_contains_paid_content":false,"footnotes":""},"categories":[621],"tags":[],"class_list":["post-147227","post","type-post","status-publish","format-standard","has-post-thumbnail","hentry","category-regionales"],"aioseo_notices":[],"gutentor_comment":0,"jetpack_featured_media_url":"https:\/\/eldiariodesanpedro.com.ar\/sitio\/wp-content\/uploads\/2026\/01\/hantavirus-2.jpg","jetpack_shortlink":"https:\/\/wp.me\/p6RhLt-CiD","jetpack_sharing_enabled":true,"_links":{"self":[{"href":"https:\/\/eldiariodesanpedro.com.ar\/sitio\/wp-json\/wp\/v2\/posts\/147227","targetHints":{"allow":["GET"]}}],"collection":[{"href":"https:\/\/eldiariodesanpedro.com.ar\/sitio\/wp-json\/wp\/v2\/posts"}],"about":[{"href":"https:\/\/eldiariodesanpedro.com.ar\/sitio\/wp-json\/wp\/v2\/types\/post"}],"author":[{"embeddable":true,"href":"https:\/\/eldiariodesanpedro.com.ar\/sitio\/wp-json\/wp\/v2\/users\/4"}],"replies":[{"embeddable":true,"href":"https:\/\/eldiariodesanpedro.com.ar\/sitio\/wp-json\/wp\/v2\/comments?post=147227"}],"version-history":[{"count":0,"href":"https:\/\/eldiariodesanpedro.com.ar\/sitio\/wp-json\/wp\/v2\/posts\/147227\/revisions"}],"wp:featuredmedia":[{"embeddable":true,"href":"https:\/\/eldiariodesanpedro.com.ar\/sitio\/wp-json\/wp\/v2\/media\/147226"}],"wp:attachment":[{"href":"https:\/\/eldiariodesanpedro.com.ar\/sitio\/wp-json\/wp\/v2\/media?parent=147227"}],"wp:term":[{"taxonomy":"category","embeddable":true,"href":"https:\/\/eldiariodesanpedro.com.ar\/sitio\/wp-json\/wp\/v2\/categories?post=147227"},{"taxonomy":"post_tag","embeddable":true,"href":"https:\/\/eldiariodesanpedro.com.ar\/sitio\/wp-json\/wp\/v2\/tags?post=147227"}],"curies":[{"name":"wp","href":"https:\/\/api.w.org\/{rel}","templated":true}]}}