{"id":147225,"date":"2026-01-21T15:43:27","date_gmt":"2026-01-21T18:43:27","guid":{"rendered":"https:\/\/eldiariodesanpedro.com.ar\/sitio\/colon-accidente-en-ruta-8-un-auto-embistio-a-un-camion-y-el-conductor-fue-hospitalizado\/"},"modified":"2026-01-21T15:43:27","modified_gmt":"2026-01-21T18:43:27","slug":"colon-accidente-en-ruta-8-un-auto-embistio-a-un-camion-y-el-conductor-fue-hospitalizado","status":"publish","type":"post","link":"https:\/\/eldiariodesanpedro.com.ar\/sitio\/colon-accidente-en-ruta-8-un-auto-embistio-a-un-camion-y-el-conductor-fue-hospitalizado\/","title":{"rendered":"COL\u00d3N | Accidente en Ruta 8: Un Auto Embisti\u00f3 a un Cami\u00f3n y el Conductor Fue Hospitalizado"},"content":{"rendered":"<p><!-- VideographyWP Plugin Message: Automatic video embedding prevented by plugin options. --><\/p>\n<p>Un <strong>siniestro vial<\/strong> se produjo durante la ma\u00f1ana del mi\u00e9rcoles en el <strong>kil\u00f3metro 243 de la Ruta Nacional 8<\/strong>, a la altura de COL\u00d3N, cuando un autom\u00f3vil colision\u00f3 por alcance contra el acoplado de un cami\u00f3n.<\/p>\n<p>El conductor del <strong>Toyota Etios, identificado como Ricardo Marcelo Cano, de 38 a\u00f1os<\/strong>, circulaba en sentido Pergamino\u2013Col\u00f3n y, por razones que se investigan, embisti\u00f3 desde atr\u00e1s a un cami\u00f3n Volkswagen con acoplado tipo plancha que llevaba un contenedor. Tras el impacto, el rodado menor se desvi\u00f3 hacia la banquina y recorri\u00f3 varios metros fuera de la calzada.<\/p>\n<p>Personal de <strong>Seguridad Vial, servicios de emergencia y brigadistas<\/strong> acudieron r\u00e1pidamente al lugar. Los rescatistas lograron extraer al conductor del habit\u00e1culo y, tras una primera evaluaci\u00f3n, fue derivado de manera preventiva al <strong>Hospital Municipal de Col\u00f3n<\/strong>, donde se constat\u00f3 que se encontraba en buenas condiciones generales.<\/p>\n<p>Por su parte, el conductor del cami\u00f3n, un hombre de 54 a\u00f1os, no sufri\u00f3 lesiones y no necesit\u00f3 asistencia m\u00e9dica. El tr\u00e1nsito en la zona estuvo parcialmente reducido durante el operativo, pero fue restablecido tras finalizar las tareas de asistencia y remoci\u00f3n de los veh\u00edculos involucrados.<\/p>\n<p>La investigaci\u00f3n sobre las <strong>causas del siniestro<\/strong> qued\u00f3 a cargo del personal policial y del Destacamento de Seguridad Vial, quienes trabajan para determinar las circunstancias que desencadenaron el choque en uno de los principales corredores de la regi\u00f3n.<\/p>\n","protected":false},"excerpt":{"rendered":"<p>El choque ocurri\u00f3 en el kil\u00f3metro 243 de la Ruta 8 cerca de Col\u00f3n. Un hombre de 38 a\u00f1os debi\u00f3 ser rescatado y trasladado al Hospital Municipal.<\/p>\n","protected":false},"author":4,"featured_media":147224,"comment_status":"","ping_status":"","sticky":false,"template":"","format":"standard","meta":{"om_disable_all_campaigns":false,"_jetpack_memberships_contains_paid_content":false,"footnotes":""},"categories":[621],"tags":[],"class_list":["post-147225","post","type-post","status-publish","format-standard","has-post-thumbnail","hentry","category-regionales"],"aioseo_notices":[],"gutentor_comment":0,"jetpack_featured_media_url":"https:\/\/eldiariodesanpedro.com.ar\/sitio\/wp-content\/uploads\/2026\/01\/toyota-etios-pat-group-que-choco-un-camion-la-ruta-8-la-altura-colon-pergamino.jpg","jetpack_shortlink":"https:\/\/wp.me\/p6RhLt-CiB","jetpack_sharing_enabled":true,"_links":{"self":[{"href":"https:\/\/eldiariodesanpedro.com.ar\/sitio\/wp-json\/wp\/v2\/posts\/147225","targetHints":{"allow":["GET"]}}],"collection":[{"href":"https:\/\/eldiariodesanpedro.com.ar\/sitio\/wp-json\/wp\/v2\/posts"}],"about":[{"href":"https:\/\/eldiariodesanpedro.com.ar\/sitio\/wp-json\/wp\/v2\/types\/post"}],"author":[{"embeddable":true,"href":"https:\/\/eldiariodesanpedro.com.ar\/sitio\/wp-json\/wp\/v2\/users\/4"}],"replies":[{"embeddable":true,"href":"https:\/\/eldiariodesanpedro.com.ar\/sitio\/wp-json\/wp\/v2\/comments?post=147225"}],"version-history":[{"count":0,"href":"https:\/\/eldiariodesanpedro.com.ar\/sitio\/wp-json\/wp\/v2\/posts\/147225\/revisions"}],"wp:featuredmedia":[{"embeddable":true,"href":"https:\/\/eldiariodesanpedro.com.ar\/sitio\/wp-json\/wp\/v2\/media\/147224"}],"wp:attachment":[{"href":"https:\/\/eldiariodesanpedro.com.ar\/sitio\/wp-json\/wp\/v2\/media?parent=147225"}],"wp:term":[{"taxonomy":"category","embeddable":true,"href":"https:\/\/eldiariodesanpedro.com.ar\/sitio\/wp-json\/wp\/v2\/categories?post=147225"},{"taxonomy":"post_tag","embeddable":true,"href":"https:\/\/eldiariodesanpedro.com.ar\/sitio\/wp-json\/wp\/v2\/tags?post=147225"}],"curies":[{"name":"wp","href":"https:\/\/api.w.org\/{rel}","templated":true}]}}