{"id":147223,"date":"2026-01-21T15:23:22","date_gmt":"2026-01-21T18:23:22","guid":{"rendered":"https:\/\/eldiariodesanpedro.com.ar\/sitio\/ramallo-vuelco-de-un-automovil-en-la-ruta-9-dejo-cinco-heridos-leves\/"},"modified":"2026-01-21T15:23:22","modified_gmt":"2026-01-21T18:23:22","slug":"ramallo-vuelco-de-un-automovil-en-la-ruta-9-dejo-cinco-heridos-leves","status":"publish","type":"post","link":"https:\/\/eldiariodesanpedro.com.ar\/sitio\/ramallo-vuelco-de-un-automovil-en-la-ruta-9-dejo-cinco-heridos-leves\/","title":{"rendered":"RAMALLO | Vuelco de un autom\u00f3vil en la Ruta 9 dej\u00f3 cinco heridos leves"},"content":{"rendered":"<p><!-- VideographyWP Plugin Message: Automatic video embedding prevented by plugin options. --><\/p>\n<p><strong>Un accidente automovil\u00edstico se produjo este domingo 18 de enero en la Ruta Nacional 9, a la altura del kil\u00f3metro 186, en direcci\u00f3n Buenos Aires\u2013Rosario, a corta distancia de Gobernador Castro.<\/strong> Un veh\u00edculo con cinco pasajeros <strong>perdi\u00f3 el control y volc\u00f3<\/strong>, quedando detenido en el carril contrario.<\/p>\n<p>De acuerdo a los reportes, el siniestro involucr\u00f3 a un <strong>Chevrolet Tracker conducido por un hombre de 49 a\u00f1os<\/strong>, acompa\u00f1ado por una mujer de 23 y tres hombres de 44, 30 y 16 a\u00f1os. El incidente se produjo tras la rotura de un neum\u00e1tico trasero, hecho que desencaden\u00f3 el vuelco y detenci\u00f3n del rodado sobre el carril Rosario\u2013Buenos Aires.<\/p>\n<p><strong>Todos los ocupantes del rodado sufrieron lesiones y fueron trasladados por la ambulancia N\u00b0 27 al hospital local bajo atenci\u00f3n de la doctora Lorna Mas<\/strong>. Seg\u00fan el primer informe m\u00e9dico, los heridos presentaron <strong>lesiones de car\u00e1cter leve<\/strong>, sujetos a observaci\u00f3n y evoluci\u00f3n cl\u00ednica.<\/p>\n<p>En la zona del siniestro trabaj\u00f3 <strong>personal policial y equipos de peritaje vial<\/strong> para efectuar las acciones correspondientes. Adem\u00e1s, intervino la Ayudant\u00eda Fiscal y se iniciaron las actuaciones judiciales, con la intervenci\u00f3n de la <strong>UFI N\u00b0 06<\/strong>.<\/p>\n","protected":false},"excerpt":{"rendered":"<p>Un auto volc\u00f3 en la Ruta 9, cerca de Gobernador Castro. Los cinco ocupantes sufrieron lesiones leves y fueron asistidos en el hospital local.<\/p>\n","protected":false},"author":4,"featured_media":147222,"comment_status":"","ping_status":"","sticky":false,"template":"","format":"standard","meta":{"om_disable_all_campaigns":false,"_jetpack_memberships_contains_paid_content":false,"footnotes":""},"categories":[621],"tags":[],"class_list":["post-147223","post","type-post","status-publish","format-standard","has-post-thumbnail","hentry","category-regionales"],"aioseo_notices":[],"gutentor_comment":0,"jetpack_featured_media_url":"https:\/\/eldiariodesanpedro.com.ar\/sitio\/wp-content\/uploads\/2026\/01\/retouch_2026011816340196.jpg","jetpack_shortlink":"https:\/\/wp.me\/p6RhLt-Ciz","jetpack_sharing_enabled":true,"_links":{"self":[{"href":"https:\/\/eldiariodesanpedro.com.ar\/sitio\/wp-json\/wp\/v2\/posts\/147223","targetHints":{"allow":["GET"]}}],"collection":[{"href":"https:\/\/eldiariodesanpedro.com.ar\/sitio\/wp-json\/wp\/v2\/posts"}],"about":[{"href":"https:\/\/eldiariodesanpedro.com.ar\/sitio\/wp-json\/wp\/v2\/types\/post"}],"author":[{"embeddable":true,"href":"https:\/\/eldiariodesanpedro.com.ar\/sitio\/wp-json\/wp\/v2\/users\/4"}],"replies":[{"embeddable":true,"href":"https:\/\/eldiariodesanpedro.com.ar\/sitio\/wp-json\/wp\/v2\/comments?post=147223"}],"version-history":[{"count":0,"href":"https:\/\/eldiariodesanpedro.com.ar\/sitio\/wp-json\/wp\/v2\/posts\/147223\/revisions"}],"wp:featuredmedia":[{"embeddable":true,"href":"https:\/\/eldiariodesanpedro.com.ar\/sitio\/wp-json\/wp\/v2\/media\/147222"}],"wp:attachment":[{"href":"https:\/\/eldiariodesanpedro.com.ar\/sitio\/wp-json\/wp\/v2\/media?parent=147223"}],"wp:term":[{"taxonomy":"category","embeddable":true,"href":"https:\/\/eldiariodesanpedro.com.ar\/sitio\/wp-json\/wp\/v2\/categories?post=147223"},{"taxonomy":"post_tag","embeddable":true,"href":"https:\/\/eldiariodesanpedro.com.ar\/sitio\/wp-json\/wp\/v2\/tags?post=147223"}],"curies":[{"name":"wp","href":"https:\/\/api.w.org\/{rel}","templated":true}]}}