{"id":147221,"date":"2026-01-21T15:21:11","date_gmt":"2026-01-21T18:21:11","guid":{"rendered":"https:\/\/eldiariodesanpedro.com.ar\/sitio\/villa-general-savio-operativo-en-el-parque-comirsa-tras-el-hallazgo-de-un-presunto-explosivo\/"},"modified":"2026-01-21T15:21:11","modified_gmt":"2026-01-21T18:21:11","slug":"villa-general-savio-operativo-en-el-parque-comirsa-tras-el-hallazgo-de-un-presunto-explosivo","status":"publish","type":"post","link":"https:\/\/eldiariodesanpedro.com.ar\/sitio\/villa-general-savio-operativo-en-el-parque-comirsa-tras-el-hallazgo-de-un-presunto-explosivo\/","title":{"rendered":"VILLA GENERAL SAVIO | Operativo en el Parque Comirsa tras el hallazgo de un presunto explosivo"},"content":{"rendered":"<p><!-- VideographyWP Plugin Message: Automatic video embedding prevented by plugin options. --><\/p>\n<p>Un <strong>intenso operativo de seguridad<\/strong> tuvo lugar este martes en el <strong>Parque Comirsa<\/strong>, situado en la localidad de <strong>Villa General Savio<\/strong>, luego de que personal de una industria local informara sobre la presencia de un <strong>objeto sospechoso<\/strong> con apariencia de explosivo. El hallazgo motiv\u00f3 la intervenci\u00f3n inmediata de las fuerzas policiales, quienes activaron el correspondiente protocolo de emergencia en la zona industrial.<\/p>\n<p>Al lugar se desplaz\u00f3 la <strong>Divisi\u00f3n Peritos Explosivos de Bomberos de San Nicol\u00e1s<\/strong>, cuyos t\u00e9cnicos examinaron el elemento y determinaron que se trataba de una <strong>maqueta de mortero hueca<\/strong>, utilizada como <strong>chatarra<\/strong>. Los especialistas confirmaron que el objeto <strong>no presentaba riesgo alguno<\/strong>, ya que no contaba con carga explosiva ni mecanismo de detonaci\u00f3n.<\/p>\n<p>Tras el procedimiento, el elemento fue secuestrado y puesto a disposici\u00f3n de la <strong>Ayudant\u00eda Fiscal de Ramallo<\/strong>. Al confirmarse que se trataba de un artefacto de pr\u00e1ctica, las autoridades judiciales decidieron no iniciar actuaciones adicionales. No se precis\u00f3 en cu\u00e1l de las plantas del predio fue hallado el objeto.<\/p>\n","protected":false},"excerpt":{"rendered":"<p>Un objeto sospechoso moviliz\u00f3 a la polic\u00eda y peritos en el Parque Comirsa, Villa General Savio. El elemento era solo una maqueta inerte.<\/p>\n","protected":false},"author":4,"featured_media":147220,"comment_status":"","ping_status":"","sticky":false,"template":"","format":"standard","meta":{"om_disable_all_campaigns":false,"_jetpack_memberships_contains_paid_content":false,"footnotes":""},"categories":[621],"tags":[],"class_list":["post-147221","post","type-post","status-publish","format-standard","has-post-thumbnail","hentry","category-regionales"],"aioseo_notices":[],"gutentor_comment":0,"jetpack_featured_media_url":"https:\/\/eldiariodesanpedro.com.ar\/sitio\/wp-content\/uploads\/2026\/01\/618310561_1278775040949370_668076598147044122_n.jpg","jetpack_shortlink":"https:\/\/wp.me\/p6RhLt-Cix","jetpack_sharing_enabled":true,"_links":{"self":[{"href":"https:\/\/eldiariodesanpedro.com.ar\/sitio\/wp-json\/wp\/v2\/posts\/147221","targetHints":{"allow":["GET"]}}],"collection":[{"href":"https:\/\/eldiariodesanpedro.com.ar\/sitio\/wp-json\/wp\/v2\/posts"}],"about":[{"href":"https:\/\/eldiariodesanpedro.com.ar\/sitio\/wp-json\/wp\/v2\/types\/post"}],"author":[{"embeddable":true,"href":"https:\/\/eldiariodesanpedro.com.ar\/sitio\/wp-json\/wp\/v2\/users\/4"}],"replies":[{"embeddable":true,"href":"https:\/\/eldiariodesanpedro.com.ar\/sitio\/wp-json\/wp\/v2\/comments?post=147221"}],"version-history":[{"count":0,"href":"https:\/\/eldiariodesanpedro.com.ar\/sitio\/wp-json\/wp\/v2\/posts\/147221\/revisions"}],"wp:featuredmedia":[{"embeddable":true,"href":"https:\/\/eldiariodesanpedro.com.ar\/sitio\/wp-json\/wp\/v2\/media\/147220"}],"wp:attachment":[{"href":"https:\/\/eldiariodesanpedro.com.ar\/sitio\/wp-json\/wp\/v2\/media?parent=147221"}],"wp:term":[{"taxonomy":"category","embeddable":true,"href":"https:\/\/eldiariodesanpedro.com.ar\/sitio\/wp-json\/wp\/v2\/categories?post=147221"},{"taxonomy":"post_tag","embeddable":true,"href":"https:\/\/eldiariodesanpedro.com.ar\/sitio\/wp-json\/wp\/v2\/tags?post=147221"}],"curies":[{"name":"wp","href":"https:\/\/api.w.org\/{rel}","templated":true}]}}