{"id":147219,"date":"2026-01-21T15:16:07","date_gmt":"2026-01-21T18:16:07","guid":{"rendered":"https:\/\/eldiariodesanpedro.com.ar\/sitio\/preocupacion-por-el-cierre-de-empresas-tres-de-cada-diez-afectan-a-la-provincia-de-buenos-aires\/"},"modified":"2026-01-21T15:16:07","modified_gmt":"2026-01-21T18:16:07","slug":"preocupacion-por-el-cierre-de-empresas-tres-de-cada-diez-afectan-a-la-provincia-de-buenos-aires","status":"publish","type":"post","link":"https:\/\/eldiariodesanpedro.com.ar\/sitio\/preocupacion-por-el-cierre-de-empresas-tres-de-cada-diez-afectan-a-la-provincia-de-buenos-aires\/","title":{"rendered":"Preocupaci\u00f3n por el cierre de empresas: Tres de cada diez afectan a la provincia de Buenos Aires"},"content":{"rendered":"<p><!-- VideographyWP Plugin Message: Automatic video embedding prevented by plugin options. --><\/p>\n<p><strong>La provincia de Buenos Aires<\/strong> enfrenta una grave situaci\u00f3n econ\u00f3mica, ya que <strong>tres de cada diez firmas que cesan sus actividades en el pa\u00eds<\/strong> corresponden a su territorio. Este escenario genera preocupaci\u00f3n entre empresarios y trabajadores, que advierten sobre las dificultades para sostener el empleo y la producci\u00f3n.<\/p>\n<p>Especialistas se\u00f1alan como factores determinantes la ca\u00edda del consumo, la inflaci\u00f3n y la volatilidad del mercado. Las c\u00e1maras empresariales alertan sobre la posible profundizaci\u00f3n de la crisis si no se adoptan medidas urgentes para proteger al tejido productivo local.<\/p>\n<p>El impacto de los cierres trasciende lo econ\u00f3mico y afecta la din\u00e1mica social de numerosas localidades, donde la presencia de pymes y comercios resulta clave para el desarrollo y el empleo regional.<\/p>\n","protected":false},"excerpt":{"rendered":"<p>La provincia de Buenos Aires concentra el 30% de los cierres de empresas a nivel nacional, generando alarma en el sector productivo.<\/p>\n","protected":false},"author":1,"featured_media":147218,"comment_status":"","ping_status":"","sticky":false,"template":"","format":"standard","meta":{"om_disable_all_campaigns":false,"_jetpack_memberships_contains_paid_content":false,"footnotes":""},"categories":[3],"tags":[],"class_list":["post-147219","post","type-post","status-publish","format-standard","has-post-thumbnail","hentry","category-nacionales"],"aioseo_notices":[],"gutentor_comment":0,"jetpack_featured_media_url":"https:\/\/eldiariodesanpedro.com.ar\/sitio\/wp-content\/uploads\/2026\/01\/207214_3.jpg","jetpack_shortlink":"https:\/\/wp.me\/p6RhLt-Civ","jetpack_sharing_enabled":true,"_links":{"self":[{"href":"https:\/\/eldiariodesanpedro.com.ar\/sitio\/wp-json\/wp\/v2\/posts\/147219","targetHints":{"allow":["GET"]}}],"collection":[{"href":"https:\/\/eldiariodesanpedro.com.ar\/sitio\/wp-json\/wp\/v2\/posts"}],"about":[{"href":"https:\/\/eldiariodesanpedro.com.ar\/sitio\/wp-json\/wp\/v2\/types\/post"}],"author":[{"embeddable":true,"href":"https:\/\/eldiariodesanpedro.com.ar\/sitio\/wp-json\/wp\/v2\/users\/1"}],"replies":[{"embeddable":true,"href":"https:\/\/eldiariodesanpedro.com.ar\/sitio\/wp-json\/wp\/v2\/comments?post=147219"}],"version-history":[{"count":0,"href":"https:\/\/eldiariodesanpedro.com.ar\/sitio\/wp-json\/wp\/v2\/posts\/147219\/revisions"}],"wp:featuredmedia":[{"embeddable":true,"href":"https:\/\/eldiariodesanpedro.com.ar\/sitio\/wp-json\/wp\/v2\/media\/147218"}],"wp:attachment":[{"href":"https:\/\/eldiariodesanpedro.com.ar\/sitio\/wp-json\/wp\/v2\/media?parent=147219"}],"wp:term":[{"taxonomy":"category","embeddable":true,"href":"https:\/\/eldiariodesanpedro.com.ar\/sitio\/wp-json\/wp\/v2\/categories?post=147219"},{"taxonomy":"post_tag","embeddable":true,"href":"https:\/\/eldiariodesanpedro.com.ar\/sitio\/wp-json\/wp\/v2\/tags?post=147219"}],"curies":[{"name":"wp","href":"https:\/\/api.w.org\/{rel}","templated":true}]}}