{"id":147214,"date":"2026-01-21T14:00:55","date_gmt":"2026-01-21T17:00:55","guid":{"rendered":"https:\/\/eldiariodesanpedro.com.ar\/sitio\/?p=147214"},"modified":"2026-01-21T14:01:00","modified_gmt":"2026-01-21T17:01:00","slug":"suben-las-minimas-y-crece-la-chance-de-una-nueva-ola-de-calor","status":"publish","type":"post","link":"https:\/\/eldiariodesanpedro.com.ar\/sitio\/suben-las-minimas-y-crece-la-chance-de-una-nueva-ola-de-calor\/","title":{"rendered":"Suben las m\u00ednimas y crece la chance de una nueva ola de calor"},"content":{"rendered":"<!-- VideographyWP Plugin Message: Automatic video embedding prevented by plugin options. -->\n\n<p>El \u00c1rea Metropolitana de Buenos Aires atraviesa un nuevo ascenso t\u00e9rmico con m\u00ednimas en alza y m\u00e1ximas que podr\u00edan activar los criterios de ola de calor hacia el fin de semana.<\/p>\n\n\n\n<p>El <strong>verano vuelve a hacerse sentir en el AMBA<\/strong> cuando faltan dos meses para el equinoccio de marzo. <strong>Este mi\u00e9rcoles 21 de enero<\/strong> se proyecta un <strong>aumento de las temperaturas m\u00ednimas<\/strong>, que se ubicar\u00e1n entre <strong>18 y 21 \u00b0C<\/strong>, marcando un <strong>quiebre respecto al inicio de la semana<\/strong>. A pesar de ello, <strong>las m\u00e1ximas se mantendr\u00e1n contenidas cerca de los 30 \u00b0C<\/strong>, influenciadas por <strong>el aire del este proveniente del R\u00edo de la Plata<\/strong>, que moderar\u00e1 el calor durante la tarde.<\/p>\n\n\n\n<p>Para <strong>el jueves 22<\/strong>, el comportamiento t\u00e9rmico ser\u00e1 <strong>similar<\/strong>, con <strong>m\u00ednimas entre 19 y 22 \u00b0C<\/strong> y <strong>m\u00e1ximas variables seg\u00fan la zona<\/strong>. En sectores del <strong>Gran Buenos Aires m\u00e1s alejados de la brisa del r\u00edo<\/strong>, las temperaturas podr\u00edan <strong>superar los 31 \u00b0C<\/strong>. Hacia el cierre del d\u00eda, se espera <strong>un refuerzo del viento del este<\/strong>, con <strong>r\u00e1fagas superiores a los 40 km\/h<\/strong>, especialmente en \u00e1reas ribere\u00f1as.<\/p>\n\n\n\n<h3 class=\"wp-block-heading\">\u00bfSe encamina una nueva ola de calor?<\/h3>\n\n\n\n<p>El <strong>tramo final de la semana ser\u00e1 clave<\/strong> para definir el escenario. Se prev\u00e9 que <strong>las m\u00ednimas contin\u00faen en ascenso<\/strong> y <strong>alcancen o superen los 22 \u00b0C<\/strong>, uno de los <strong>umbrales necesarios para declarar una ola de calor<\/strong>. Si <strong>las m\u00e1ximas superan los 32,3 \u00b0C el viernes 23<\/strong>, comenzar\u00e1 el conteo de d\u00edas consecutivos bajo estas condiciones.<\/p>\n\n\n\n<p>Desde ese viernes, <strong>podr\u00edan acumularse jornadas que cumplan el criterio oficial<\/strong>, que exige <strong>tres d\u00edas seguidos con m\u00ednima igual o mayor a 22 \u00b0C y m\u00e1xima de al menos 32,3 \u00b0C (referencia CABA)<\/strong> para <strong>confirmar la segunda ola de calor de la temporada<\/strong>. Un <strong>frente fr\u00edo<\/strong> avanzar\u00e1 por el norte de la Patagonia y parte del centro del pa\u00eds; <strong>la chance de que impacte en el AMBA es baja<\/strong>, aunque <strong>no se descarta<\/strong> que <strong>nubosidad asociada limite el ascenso t\u00e9rmico<\/strong> y mantenga las m\u00e1ximas por debajo del umbral.<\/p>\n\n\n\n<h3 class=\"wp-block-heading\">Primera tendencia para el fin de semana<\/h3>\n\n\n\n<p>Si el viernes no se alcanzaran los valores necesarios por <strong>presencia de nubosidad<\/strong>, <strong>el s\u00e1bado 24 y domingo 25<\/strong> aparecen con <strong>mayor probabilidad de cumplir los criterios<\/strong>. De iniciarse el conteo el s\u00e1bado y sostenerse el patr\u00f3n durante el domingo, <strong>la ausencia de inestabilidad y lluvias a comienzos de la pr\u00f3xima semana<\/strong> podr\u00eda <strong>oficializar la ola de calor el lunes 26 de enero<\/strong>.<\/p>\n\n\n\n<p>De acuerdo con <strong>estimaciones del modelo ECMWF<\/strong>, <strong>el s\u00e1bado 24<\/strong> presentar\u00eda <strong>m\u00ednimas entre 22 y 24 \u00b0C<\/strong> y <strong>m\u00e1ximas de 32 a 35 \u00b0C<\/strong>, con <strong>tardes algo menos sofocantes en la franja ribere\u00f1a<\/strong>. <strong>El domingo 25<\/strong>, en tanto, <strong>las m\u00ednimas oscilar\u00edan entre 23 y 25 \u00b0C<\/strong> y <strong>las m\u00e1ximas entre 32 y 36 \u00b0C<\/strong>, manteniendo <strong>un elevado rigor t\u00e9rmico<\/strong> en toda la regi\u00f3n.<\/p>\n","protected":false},"excerpt":{"rendered":"<p>El \u00c1rea Metropolitana de Buenos Aires atraviesa un nuevo ascenso t\u00e9rmico con m\u00ednimas en alza y m\u00e1ximas que podr\u00edan activar los criterios de ola de calor hacia el fin de semana. El verano vuelve a hacerse sentir en el AMBA cuando faltan dos meses para el equinoccio de marzo. Este mi\u00e9rcoles 21 de enero se [&hellip;]<\/p>\n","protected":false},"author":4,"featured_media":147215,"comment_status":"closed","ping_status":"closed","sticky":false,"template":"","format":"standard","meta":{"om_disable_all_campaigns":false,"_jetpack_memberships_contains_paid_content":false,"footnotes":""},"categories":[101,2],"tags":[],"class_list":["post-147214","post","type-post","status-publish","format-standard","has-post-thumbnail","hentry","category-interes-general-locales","category-locales"],"aioseo_notices":[],"gutentor_comment":0,"jetpack_featured_media_url":"https:\/\/eldiariodesanpedro.com.ar\/sitio\/wp-content\/uploads\/2026\/01\/6cb20fd4f648d3fd2a85a71ee81bcbae.webp","jetpack_shortlink":"https:\/\/wp.me\/p6RhLt-Ciq","jetpack_sharing_enabled":true,"_links":{"self":[{"href":"https:\/\/eldiariodesanpedro.com.ar\/sitio\/wp-json\/wp\/v2\/posts\/147214","targetHints":{"allow":["GET"]}}],"collection":[{"href":"https:\/\/eldiariodesanpedro.com.ar\/sitio\/wp-json\/wp\/v2\/posts"}],"about":[{"href":"https:\/\/eldiariodesanpedro.com.ar\/sitio\/wp-json\/wp\/v2\/types\/post"}],"author":[{"embeddable":true,"href":"https:\/\/eldiariodesanpedro.com.ar\/sitio\/wp-json\/wp\/v2\/users\/4"}],"replies":[{"embeddable":true,"href":"https:\/\/eldiariodesanpedro.com.ar\/sitio\/wp-json\/wp\/v2\/comments?post=147214"}],"version-history":[{"count":1,"href":"https:\/\/eldiariodesanpedro.com.ar\/sitio\/wp-json\/wp\/v2\/posts\/147214\/revisions"}],"predecessor-version":[{"id":147216,"href":"https:\/\/eldiariodesanpedro.com.ar\/sitio\/wp-json\/wp\/v2\/posts\/147214\/revisions\/147216"}],"wp:featuredmedia":[{"embeddable":true,"href":"https:\/\/eldiariodesanpedro.com.ar\/sitio\/wp-json\/wp\/v2\/media\/147215"}],"wp:attachment":[{"href":"https:\/\/eldiariodesanpedro.com.ar\/sitio\/wp-json\/wp\/v2\/media?parent=147214"}],"wp:term":[{"taxonomy":"category","embeddable":true,"href":"https:\/\/eldiariodesanpedro.com.ar\/sitio\/wp-json\/wp\/v2\/categories?post=147214"},{"taxonomy":"post_tag","embeddable":true,"href":"https:\/\/eldiariodesanpedro.com.ar\/sitio\/wp-json\/wp\/v2\/tags?post=147214"}],"curies":[{"name":"wp","href":"https:\/\/api.w.org\/{rel}","templated":true}]}}