{"id":147211,"date":"2026-01-21T13:44:14","date_gmt":"2026-01-21T16:44:14","guid":{"rendered":"https:\/\/eldiariodesanpedro.com.ar\/sitio\/?p=147211"},"modified":"2026-01-21T13:44:18","modified_gmt":"2026-01-21T16:44:18","slug":"la-fiesta-provincial-del-durazno-y-la-produccion-vuelve-con-musica-y-tradiciones","status":"publish","type":"post","link":"https:\/\/eldiariodesanpedro.com.ar\/sitio\/la-fiesta-provincial-del-durazno-y-la-produccion-vuelve-con-musica-y-tradiciones\/","title":{"rendered":"La Fiesta Provincial del Durazno y la Producci\u00f3n vuelve con m\u00fasica y tradiciones"},"content":{"rendered":"<!-- VideographyWP Plugin Message: Automatic video embedding prevented by plugin options. -->\n\n<p>La celebraci\u00f3n se realizar\u00e1 el s\u00e1bado 7 de febrero en el Club Agricultores, con una destacada grilla art\u00edstica, certamen productivo y elecci\u00f3n de embajadores.<\/p>\n\n\n\n<p>La localidad de <strong>Gobernador Castro<\/strong> se prepara para vivir una nueva edici\u00f3n de la <strong>Fiesta Provincial del Durazno y la Producci\u00f3n<\/strong>, que se llevar\u00e1 a cabo el <strong>s\u00e1bado 7 de febrero<\/strong> en el predio del <strong>Club Agricultores<\/strong>, seg\u00fan confirmaron fuentes municipales.<\/p>\n\n\n\n<p>Desde la <strong>Direcci\u00f3n de Cultura<\/strong> se dio a conocer la programaci\u00f3n art\u00edstica de la jornada, que tendr\u00e1 como <strong>presentaci\u00f3n central al hist\u00f3rico grupo Los Moros<\/strong>. El escenario tambi\u00e9n recibir\u00e1 al joven exponente del chamam\u00e9 <strong>Lautaro Obispo<\/strong>, mientras que el <strong>cierre bailable<\/strong> estar\u00e1 a cargo de <strong>Miguel \u00c1ngel<\/strong> y <strong>Aire Colombiano<\/strong>. La propuesta se completar\u00e1 con <strong>m\u00fasicos locales y cuerpos de baile<\/strong> de la regi\u00f3n.<\/p>\n\n\n\n<p>Como es tradici\u00f3n, la fiesta pondr\u00e1 en valor la <strong>identidad productiva<\/strong> de la zona con el <strong>certamen que premia a la mejor producci\u00f3n de duraznos de la temporada<\/strong>, adem\u00e1s de la <strong>elecci\u00f3n del Embajador y la Embajadora<\/strong> del evento, uno de los momentos m\u00e1s esperados por el p\u00fablico.<\/p>\n\n\n\n<p>En el marco de los preparativos, el <strong>Municipio de San Pedro<\/strong> lanz\u00f3 la <strong>convocatoria para quienes deseen postularse como embajadores<\/strong>. Las personas interesadas pueden comunicarse con <strong>Norma (3329 338545)<\/strong> o <strong>Lisandro (3329 552027)<\/strong>, o acercarse personalmente a la oficina del Club Agricultores <strong>de lunes a viernes, de 15:00 a 17:00<\/strong>.<\/p>\n\n\n\n<p>#FiestaDelDurazno #Producci\u00f3nLocal #GobernadorCastro #Cultura #M\u00fasicaEnVivo #Durazno #Tradici\u00f3n #Eventos<\/p>\n","protected":false},"excerpt":{"rendered":"<p>La celebraci\u00f3n se realizar\u00e1 el s\u00e1bado 7 de febrero en el Club Agricultores, con una destacada grilla art\u00edstica, certamen productivo y elecci\u00f3n de embajadores. La localidad de Gobernador Castro se prepara para vivir una nueva edici\u00f3n de la Fiesta Provincial del Durazno y la Producci\u00f3n, que se llevar\u00e1 a cabo el s\u00e1bado 7 de febrero [&hellip;]<\/p>\n","protected":false},"author":4,"featured_media":147212,"comment_status":"closed","ping_status":"closed","sticky":false,"template":"","format":"standard","meta":{"om_disable_all_campaigns":false,"_jetpack_memberships_contains_paid_content":false,"footnotes":""},"categories":[50,101,2],"tags":[8358,8352,8359,8353,646,8356,8355,8357,4080,8354],"class_list":["post-147211","post","type-post","status-publish","format-standard","has-post-thumbnail","hentry","category-destacadas","category-interes-general-locales","category-locales","tag-aire-colombiano","tag-club-agricultores","tag-embajadores-de-la-fiesta","tag-fiesta-provincial-del-durazno","tag-gobernador-castro","tag-lautaro-obispo","tag-los-moros","tag-miguel-angel-2","tag-musica-en-vivo","tag-produccion-de-duraznos"],"aioseo_notices":[],"gutentor_comment":0,"jetpack_featured_media_url":"https:\/\/eldiariodesanpedro.com.ar\/sitio\/wp-content\/uploads\/2026\/01\/Fiesta-del-Durazno-2019-cierre.jpg","jetpack_shortlink":"https:\/\/wp.me\/p6RhLt-Cin","jetpack_sharing_enabled":true,"_links":{"self":[{"href":"https:\/\/eldiariodesanpedro.com.ar\/sitio\/wp-json\/wp\/v2\/posts\/147211","targetHints":{"allow":["GET"]}}],"collection":[{"href":"https:\/\/eldiariodesanpedro.com.ar\/sitio\/wp-json\/wp\/v2\/posts"}],"about":[{"href":"https:\/\/eldiariodesanpedro.com.ar\/sitio\/wp-json\/wp\/v2\/types\/post"}],"author":[{"embeddable":true,"href":"https:\/\/eldiariodesanpedro.com.ar\/sitio\/wp-json\/wp\/v2\/users\/4"}],"replies":[{"embeddable":true,"href":"https:\/\/eldiariodesanpedro.com.ar\/sitio\/wp-json\/wp\/v2\/comments?post=147211"}],"version-history":[{"count":1,"href":"https:\/\/eldiariodesanpedro.com.ar\/sitio\/wp-json\/wp\/v2\/posts\/147211\/revisions"}],"predecessor-version":[{"id":147213,"href":"https:\/\/eldiariodesanpedro.com.ar\/sitio\/wp-json\/wp\/v2\/posts\/147211\/revisions\/147213"}],"wp:featuredmedia":[{"embeddable":true,"href":"https:\/\/eldiariodesanpedro.com.ar\/sitio\/wp-json\/wp\/v2\/media\/147212"}],"wp:attachment":[{"href":"https:\/\/eldiariodesanpedro.com.ar\/sitio\/wp-json\/wp\/v2\/media?parent=147211"}],"wp:term":[{"taxonomy":"category","embeddable":true,"href":"https:\/\/eldiariodesanpedro.com.ar\/sitio\/wp-json\/wp\/v2\/categories?post=147211"},{"taxonomy":"post_tag","embeddable":true,"href":"https:\/\/eldiariodesanpedro.com.ar\/sitio\/wp-json\/wp\/v2\/tags?post=147211"}],"curies":[{"name":"wp","href":"https:\/\/api.w.org\/{rel}","templated":true}]}}