{"id":14721,"date":"2017-02-15T10:28:36","date_gmt":"2017-02-15T13:28:36","guid":{"rendered":"https:\/\/eldiariodesanpedro.com.ar\/sitio\/?p=14721"},"modified":"2017-02-15T10:28:36","modified_gmt":"2017-02-15T13:28:36","slug":"aprehendieron-a-dos-delincuentes-que-ingresaron-en-una-vivienda","status":"publish","type":"post","link":"https:\/\/eldiariodesanpedro.com.ar\/sitio\/aprehendieron-a-dos-delincuentes-que-ingresaron-en-una-vivienda\/","title":{"rendered":"Aprehendieron a dos delincuentes que ingresaron en una vivienda."},"content":{"rendered":"<p><!-- VideographyWP Plugin Message: Automatic video embedding prevented by plugin options. --><br \/>\nEn la madrugada de hoy alrededor de las 05:00 horas a ra\u00edz de un llamado tel\u00e9fonico al servicio 101 dando se avisa de la presencia de dos j\u00f3venes en el patio de un domicilio ubicado en calle Aristobulo Del Valle al 200, los cuales se encontrar\u00edan con intenciones de robo. \u00a0Estos dos delincuentes para poder ingresar envenenados a los perros de la familia.<\/p>\n<p>En el momento del arribo del personal policial al lugar procedi\u00f3 a la aprehensi\u00f3n de los dos malvivientes quienes se daban a la fuga del \u00a0lugar del hecho, portando uno de ellos una pistola calibre 9 mm. Luego se pudo constatar el fallecimiento de uno de los perros de la familia, adem\u00e1s no llegaron a ingresar al interior de la vivienda \u00a0y se pudo apreciar que no hubo faltantes alguno de bienes.<\/p>\n","protected":false},"excerpt":{"rendered":"<p>En la madrugada de hoy alrededor de las 05:00 horas a ra\u00edz de un llamado tel\u00e9fonico al servicio 101 dando se avisa de la presencia de dos j\u00f3venes en el patio de un domicilio ubicado en calle Aristobulo Del Valle al 200, los cuales se encontrar\u00edan con intenciones de robo. \u00a0Estos dos delincuentes para poder [&hellip;]<\/p>\n","protected":false},"author":4,"featured_media":14722,"comment_status":"open","ping_status":"closed","sticky":false,"template":"","format":"standard","meta":{"om_disable_all_campaigns":false,"_jetpack_memberships_contains_paid_content":false,"footnotes":""},"categories":[50,2,103],"tags":[],"class_list":["post-14721","post","type-post","status-publish","format-standard","has-post-thumbnail","hentry","category-destacadas","category-locales","category-policiales-locales"],"aioseo_notices":[],"gutentor_comment":0,"jetpack_featured_media_url":"https:\/\/eldiariodesanpedro.com.ar\/sitio\/wp-content\/uploads\/2017\/02\/IMG-20170215-WA0002.jpg","jetpack_shortlink":"https:\/\/wp.me\/p6RhLt-3Pr","jetpack_sharing_enabled":true,"_links":{"self":[{"href":"https:\/\/eldiariodesanpedro.com.ar\/sitio\/wp-json\/wp\/v2\/posts\/14721","targetHints":{"allow":["GET"]}}],"collection":[{"href":"https:\/\/eldiariodesanpedro.com.ar\/sitio\/wp-json\/wp\/v2\/posts"}],"about":[{"href":"https:\/\/eldiariodesanpedro.com.ar\/sitio\/wp-json\/wp\/v2\/types\/post"}],"author":[{"embeddable":true,"href":"https:\/\/eldiariodesanpedro.com.ar\/sitio\/wp-json\/wp\/v2\/users\/4"}],"replies":[{"embeddable":true,"href":"https:\/\/eldiariodesanpedro.com.ar\/sitio\/wp-json\/wp\/v2\/comments?post=14721"}],"version-history":[{"count":1,"href":"https:\/\/eldiariodesanpedro.com.ar\/sitio\/wp-json\/wp\/v2\/posts\/14721\/revisions"}],"predecessor-version":[{"id":14723,"href":"https:\/\/eldiariodesanpedro.com.ar\/sitio\/wp-json\/wp\/v2\/posts\/14721\/revisions\/14723"}],"wp:featuredmedia":[{"embeddable":true,"href":"https:\/\/eldiariodesanpedro.com.ar\/sitio\/wp-json\/wp\/v2\/media\/14722"}],"wp:attachment":[{"href":"https:\/\/eldiariodesanpedro.com.ar\/sitio\/wp-json\/wp\/v2\/media?parent=14721"}],"wp:term":[{"taxonomy":"category","embeddable":true,"href":"https:\/\/eldiariodesanpedro.com.ar\/sitio\/wp-json\/wp\/v2\/categories?post=14721"},{"taxonomy":"post_tag","embeddable":true,"href":"https:\/\/eldiariodesanpedro.com.ar\/sitio\/wp-json\/wp\/v2\/tags?post=14721"}],"curies":[{"name":"wp","href":"https:\/\/api.w.org\/{rel}","templated":true}]}}