{"id":147209,"date":"2026-01-21T13:23:18","date_gmt":"2026-01-21T16:23:18","guid":{"rendered":"https:\/\/eldiariodesanpedro.com.ar\/sitio\/?p=147209"},"modified":"2026-01-21T13:23:23","modified_gmt":"2026-01-21T16:23:23","slug":"el-municipio-endurece-el-cobro-de-deudas-a-obras-sociales-y-grandes-contribuyentes","status":"publish","type":"post","link":"https:\/\/eldiariodesanpedro.com.ar\/sitio\/el-municipio-endurece-el-cobro-de-deudas-a-obras-sociales-y-grandes-contribuyentes\/","title":{"rendered":"El Municipio endurece el cobro de deudas a obras sociales y grandes contribuyentes"},"content":{"rendered":"<!-- VideographyWP Plugin Message: Automatic video embedding prevented by plugin options. -->\n\n<p>Tras un pago superior a los $55 millones, el Ejecutivo municipal anunci\u00f3 una pol\u00edtica m\u00e1s estricta para recuperar acreencias y resguardar los recursos del sistema de salud p\u00fablica.<\/p>\n\n\n\n<p>El secretario de Econom\u00eda y Hacienda, <strong>Roberto Borgo<\/strong>, confirm\u00f3 que la administraci\u00f3n municipal <strong>iniciar\u00e1 una etapa de mayor rigurosidad en el cobro de deudas<\/strong>, con foco en <strong>obras sociales<\/strong> y <strong>contribuyentes de alto poder adquisitivo<\/strong>. La definici\u00f3n se conoci\u00f3 luego de que **Uni\u00f3n Personal y <strong>Accord<\/strong> abonaran <strong>$55.887.609,97<\/strong>, reduciendo parcialmente la <strong>millonaria deuda<\/strong> que mantienen con el sistema p\u00fablico de salud local.En declaraciones a <strong>La Radio 92.3<\/strong>, Borgo remarc\u00f3 que <strong>\u201cel Municipio va a salir a cobrar las deudas que tiene\u201d<\/strong> y explic\u00f3 que el Estado local <strong>asume la atenci\u00f3n de quienes no cuentan con cobertura<\/strong>, pero que <strong>del otro lado hay efectores que perciben aportes de sus afiliados<\/strong>. En ese marco, subray\u00f3 la necesidad de <strong>defender los recursos del Hospital Municipal \u201cDr. Emilio Ruffa\u201d<\/strong>, pieza clave del sistema sanitario local.Cambio de reglas para el reclamo<\/p>\n\n\n\n<p>El funcionario fue cr\u00edtico con la modificaci\u00f3n de los mecanismos de reclamo ante la <strong>Superintendencia de Servicios de Salud<\/strong>. Seg\u00fan detall\u00f3, el esquema anterior permit\u00eda <strong>retener fondos a las obras sociales deudoras<\/strong> para transferirlos a los municipios, un proceso <strong>lento pero efectivo<\/strong> en el tiempo.<br>\u201c<strong>Desde el a\u00f1o pasado<\/strong> el Gobierno Nacional plantea que es <strong>una cuesti\u00f3n entre privados<\/strong>, lo que <strong>deja a los hospitales sin respaldo<\/strong> para el cobro autom\u00e1tico\u201d, sostuvo. Adem\u00e1s, advirti\u00f3 que <strong>los valores de las prestaciones permanecen congelados<\/strong>, lo que <strong>reduce el margen de negociaci\u00f3n<\/strong> de la salud p\u00fablica mientras <strong>se mantiene la obligaci\u00f3n de atender<\/strong>.<\/p>\n\n\n\n<h3 class=\"wp-block-heading\">Convenios y controles<\/h3>\n\n\n\n<p>Frente a este escenario, Borgo adelant\u00f3 que la gesti\u00f3n local <strong>avanzar\u00e1 en convenios individuales<\/strong> con cada obra social para <strong>actualizar aranceles y plazos de pago<\/strong>.<br>Aclar\u00f3 que <strong>la prioridad seguir\u00e1 siendo el paciente<\/strong>, aunque habr\u00e1 <strong>controles administrativos m\u00e1s estrictos<\/strong>, como <strong>verificar convenios vigentes<\/strong> antes de cirug\u00edas programadas. <strong>Las urgencias<\/strong> continuar\u00e1n atendi\u00e9ndose <strong>sin cambios<\/strong>.<\/p>\n\n\n\n<p>\u201c<strong>Es una etapa compleja<\/strong> que requerir\u00e1 intervenci\u00f3n <strong>sanitaria y legal<\/strong>\u201d, concluy\u00f3 Borgo, al marcar el inicio de un <strong>reordenamiento financiero<\/strong> para evitar que <strong>incumplimientos de prepagas<\/strong> comprometan la <strong>operatividad de la salud p\u00fablica<\/strong>.<\/p>\n\n\n\n<p>#SaludP\u00fablica #ObrasSociales #HospitalRuffa #Econom\u00edaMunicipal #FinanzasP\u00fablicas #SanPedro<\/p>\n","protected":false},"excerpt":{"rendered":"<p>Tras un pago superior a los $55 millones, el Ejecutivo municipal anunci\u00f3 una pol\u00edtica m\u00e1s estricta para recuperar acreencias y resguardar los recursos del sistema de salud p\u00fablica. El secretario de Econom\u00eda y Hacienda, Roberto Borgo, confirm\u00f3 que la administraci\u00f3n municipal iniciar\u00e1 una etapa de mayor rigurosidad en el cobro de deudas, con foco en [&hellip;]<\/p>\n","protected":false},"author":4,"featured_media":145440,"comment_status":"closed","ping_status":"closed","sticky":false,"template":"","format":"standard","meta":{"om_disable_all_campaigns":false,"_jetpack_memberships_contains_paid_content":false,"footnotes":""},"categories":[50,101,2],"tags":[],"class_list":["post-147209","post","type-post","status-publish","format-standard","has-post-thumbnail","hentry","category-destacadas","category-interes-general-locales","category-locales"],"aioseo_notices":[],"gutentor_comment":0,"jetpack_featured_media_url":"https:\/\/eldiariodesanpedro.com.ar\/sitio\/wp-content\/uploads\/2025\/11\/borgo.jpg","jetpack_shortlink":"https:\/\/wp.me\/p6RhLt-Cil","jetpack_sharing_enabled":true,"_links":{"self":[{"href":"https:\/\/eldiariodesanpedro.com.ar\/sitio\/wp-json\/wp\/v2\/posts\/147209","targetHints":{"allow":["GET"]}}],"collection":[{"href":"https:\/\/eldiariodesanpedro.com.ar\/sitio\/wp-json\/wp\/v2\/posts"}],"about":[{"href":"https:\/\/eldiariodesanpedro.com.ar\/sitio\/wp-json\/wp\/v2\/types\/post"}],"author":[{"embeddable":true,"href":"https:\/\/eldiariodesanpedro.com.ar\/sitio\/wp-json\/wp\/v2\/users\/4"}],"replies":[{"embeddable":true,"href":"https:\/\/eldiariodesanpedro.com.ar\/sitio\/wp-json\/wp\/v2\/comments?post=147209"}],"version-history":[{"count":1,"href":"https:\/\/eldiariodesanpedro.com.ar\/sitio\/wp-json\/wp\/v2\/posts\/147209\/revisions"}],"predecessor-version":[{"id":147210,"href":"https:\/\/eldiariodesanpedro.com.ar\/sitio\/wp-json\/wp\/v2\/posts\/147209\/revisions\/147210"}],"wp:featuredmedia":[{"embeddable":true,"href":"https:\/\/eldiariodesanpedro.com.ar\/sitio\/wp-json\/wp\/v2\/media\/145440"}],"wp:attachment":[{"href":"https:\/\/eldiariodesanpedro.com.ar\/sitio\/wp-json\/wp\/v2\/media?parent=147209"}],"wp:term":[{"taxonomy":"category","embeddable":true,"href":"https:\/\/eldiariodesanpedro.com.ar\/sitio\/wp-json\/wp\/v2\/categories?post=147209"},{"taxonomy":"post_tag","embeddable":true,"href":"https:\/\/eldiariodesanpedro.com.ar\/sitio\/wp-json\/wp\/v2\/tags?post=147209"}],"curies":[{"name":"wp","href":"https:\/\/api.w.org\/{rel}","templated":true}]}}