{"id":147204,"date":"2026-01-21T11:29:59","date_gmt":"2026-01-21T14:29:59","guid":{"rendered":"https:\/\/eldiariodesanpedro.com.ar\/sitio\/?p=147204"},"modified":"2026-01-21T11:30:04","modified_gmt":"2026-01-21T14:30:04","slug":"hallaron-una-motocicleta-robada-tras-tareas-encubiertas","status":"publish","type":"post","link":"https:\/\/eldiariodesanpedro.com.ar\/sitio\/hallaron-una-motocicleta-robada-tras-tareas-encubiertas\/","title":{"rendered":"Hallaron una motocicleta robada tras tareas encubiertas"},"content":{"rendered":"<!-- VideographyWP Plugin Message: Automatic video embedding prevented by plugin options. -->\n\n<p>El procedimiento se realiz\u00f3 durante la tarde y permiti\u00f3 recuperar una moto 110 cc que hab\u00eda sido sustra\u00edda d\u00edas atr\u00e1s en un hecho de hurto.<\/p>\n\n\n\n<p>Durante la tarde del d\u00eda de ayer, <strong>personal policial logr\u00f3 el hallazgo de una motocicleta tipo 110 cc<\/strong> que <strong>hab\u00eda sido robada d\u00edas atr\u00e1s bajo la modalidad de hurto<\/strong>, como resultado de <strong>tareas encubiertas llevadas adelante por efectivos de la dependencia<\/strong>.<\/p>\n\n\n\n<p>El procedimiento permiti\u00f3 <strong>recuperar el rodado<\/strong>, que se encontraba oculto, y <strong>avanzar en el esclarecimiento del hecho<\/strong>, aportando elementos relevantes para la investigaci\u00f3n en curso.<\/p>\n\n\n\n<p>Por el caso <strong>interviene la UFI N\u00b0 7<\/strong>, que dispuso las actuaciones correspondientes y contin\u00faa con las diligencias para determinar las circunstancias del robo y posibles responsabilidades.<\/p>\n\n\n\n<p>#Policiales #MotoRobada #Esclarecimiento #Investigacion #Seguridad #Hallazgo<\/p>\n","protected":false},"excerpt":{"rendered":"<p>El procedimiento se realiz\u00f3 durante la tarde y permiti\u00f3 recuperar una moto 110 cc que hab\u00eda sido sustra\u00edda d\u00edas atr\u00e1s en un hecho de hurto. Durante la tarde del d\u00eda de ayer, personal policial logr\u00f3 el hallazgo de una motocicleta tipo 110 cc que hab\u00eda sido robada d\u00edas atr\u00e1s bajo la modalidad de hurto, como [&hellip;]<\/p>\n","protected":false},"author":4,"featured_media":147205,"comment_status":"closed","ping_status":"closed","sticky":false,"template":"","format":"standard","meta":{"om_disable_all_campaigns":false,"_jetpack_memberships_contains_paid_content":false,"footnotes":""},"categories":[50,2,103],"tags":[5951,28,5214,7730,6328,8346,1738],"class_list":["post-147204","post","type-post","status-publish","format-standard","has-post-thumbnail","hentry","category-destacadas","category-locales","category-policiales-locales","tag-hallazgo-de-motocicleta","tag-hurto","tag-investigacion-policial","tag-moto-robada","tag-procedimiento-policial","tag-tareas-encubiertas","tag-ufi-7"],"aioseo_notices":[],"gutentor_comment":0,"jetpack_featured_media_url":"https:\/\/eldiariodesanpedro.com.ar\/sitio\/wp-content\/uploads\/2026\/01\/1-2.jpg","jetpack_shortlink":"https:\/\/wp.me\/p6RhLt-Cig","jetpack_sharing_enabled":true,"_links":{"self":[{"href":"https:\/\/eldiariodesanpedro.com.ar\/sitio\/wp-json\/wp\/v2\/posts\/147204","targetHints":{"allow":["GET"]}}],"collection":[{"href":"https:\/\/eldiariodesanpedro.com.ar\/sitio\/wp-json\/wp\/v2\/posts"}],"about":[{"href":"https:\/\/eldiariodesanpedro.com.ar\/sitio\/wp-json\/wp\/v2\/types\/post"}],"author":[{"embeddable":true,"href":"https:\/\/eldiariodesanpedro.com.ar\/sitio\/wp-json\/wp\/v2\/users\/4"}],"replies":[{"embeddable":true,"href":"https:\/\/eldiariodesanpedro.com.ar\/sitio\/wp-json\/wp\/v2\/comments?post=147204"}],"version-history":[{"count":1,"href":"https:\/\/eldiariodesanpedro.com.ar\/sitio\/wp-json\/wp\/v2\/posts\/147204\/revisions"}],"predecessor-version":[{"id":147206,"href":"https:\/\/eldiariodesanpedro.com.ar\/sitio\/wp-json\/wp\/v2\/posts\/147204\/revisions\/147206"}],"wp:featuredmedia":[{"embeddable":true,"href":"https:\/\/eldiariodesanpedro.com.ar\/sitio\/wp-json\/wp\/v2\/media\/147205"}],"wp:attachment":[{"href":"https:\/\/eldiariodesanpedro.com.ar\/sitio\/wp-json\/wp\/v2\/media?parent=147204"}],"wp:term":[{"taxonomy":"category","embeddable":true,"href":"https:\/\/eldiariodesanpedro.com.ar\/sitio\/wp-json\/wp\/v2\/categories?post=147204"},{"taxonomy":"post_tag","embeddable":true,"href":"https:\/\/eldiariodesanpedro.com.ar\/sitio\/wp-json\/wp\/v2\/tags?post=147204"}],"curies":[{"name":"wp","href":"https:\/\/api.w.org\/{rel}","templated":true}]}}