{"id":147201,"date":"2026-01-21T10:50:39","date_gmt":"2026-01-21T13:50:39","guid":{"rendered":"https:\/\/eldiariodesanpedro.com.ar\/sitio\/?p=147201"},"modified":"2026-01-21T10:54:12","modified_gmt":"2026-01-21T13:54:12","slug":"coopser-anuncia-un-corte-programado-de-energia-por-tareas-de-mantenimiento","status":"publish","type":"post","link":"https:\/\/eldiariodesanpedro.com.ar\/sitio\/coopser-anuncia-un-corte-programado-de-energia-por-tareas-de-mantenimiento\/","title":{"rendered":"COOPSER anuncia un corte programado de energ\u00eda por tareas de mantenimiento"},"content":{"rendered":"<!-- VideographyWP Plugin Message: Automatic video embedding prevented by plugin options. -->\n\n<p>El servicio el\u00e9ctrico se interrumpir\u00e1 este mi\u00e9rcoles por la ma\u00f1ana en un sector de la ciudad debido a trabajos sobre la red de baja tensi\u00f3n.<\/p>\n\n\n\n<p>COOPSER inform\u00f3 que <strong>este mi\u00e9rcoles 22 se llevar\u00e1 a cabo un corte programado de energ\u00eda el\u00e9ctrica<\/strong> con el objetivo de realizar <strong>tareas de mantenimiento en l\u00edneas de Baja Tensi\u00f3n<\/strong>, necesarias para mejorar el funcionamiento del servicio.<\/p>\n\n\n\n<p>La interrupci\u00f3n del suministro <strong>afectar\u00e1 a la zona comprendida por las calles Novillo, Chivilcoy, Irlanda y la avenida Sarmiento<\/strong>, y se extender\u00e1 <strong>desde las 07:00 hasta las 10:00 horas<\/strong>.<\/p>\n\n\n\n<p>Desde la cooperativa aclararon que <strong>en caso de registrarse malas condiciones clim\u00e1ticas<\/strong>, los trabajos <strong>ser\u00e1n reprogramados<\/strong>, inform\u00e1ndose oportunamente una nueva fecha.<\/p>\n\n\n\n<p>COOPSER solicita a los vecinos tomar las precauciones necesarias durante el horario indicado y agradece la comprensi\u00f3n ante las molestias que estos trabajos puedan ocasionar.<\/p>\n\n\n\n<p>#COOPSER #CorteDeEnerg\u00eda #MantenimientoEl\u00e9ctrico #ServicioEl\u00e9ctrico #SanPedro<\/p>\n","protected":false},"excerpt":{"rendered":"<p>El servicio el\u00e9ctrico se interrumpir\u00e1 este mi\u00e9rcoles por la ma\u00f1ana en un sector de la ciudad debido a trabajos sobre la red de baja tensi\u00f3n. COOPSER inform\u00f3 que este mi\u00e9rcoles 22 se llevar\u00e1 a cabo un corte programado de energ\u00eda el\u00e9ctrica con el objetivo de realizar tareas de mantenimiento en l\u00edneas de Baja Tensi\u00f3n, necesarias [&hellip;]<\/p>\n","protected":false},"author":4,"featured_media":147203,"comment_status":"closed","ping_status":"closed","sticky":false,"template":"","format":"standard","meta":{"om_disable_all_campaigns":false,"_jetpack_memberships_contains_paid_content":false,"footnotes":""},"categories":[101,2],"tags":[8342,1046,8341,8345,8340,8343,8344],"class_list":["post-147201","post","type-post","status-publish","format-standard","has-post-thumbnail","hentry","category-interes-general-locales","category-locales","tag-baja-tension","tag-coopser","tag-corte-de-energia-2","tag-energia-electrica","tag-mantenimiento-electrico","tag-servicio-electrico","tag-trabajos-programados"],"aioseo_notices":[],"gutentor_comment":0,"jetpack_featured_media_url":"https:\/\/eldiariodesanpedro.com.ar\/sitio\/wp-content\/uploads\/2026\/01\/coopser.jpg","jetpack_shortlink":"https:\/\/wp.me\/p6RhLt-Cid","jetpack_sharing_enabled":true,"_links":{"self":[{"href":"https:\/\/eldiariodesanpedro.com.ar\/sitio\/wp-json\/wp\/v2\/posts\/147201","targetHints":{"allow":["GET"]}}],"collection":[{"href":"https:\/\/eldiariodesanpedro.com.ar\/sitio\/wp-json\/wp\/v2\/posts"}],"about":[{"href":"https:\/\/eldiariodesanpedro.com.ar\/sitio\/wp-json\/wp\/v2\/types\/post"}],"author":[{"embeddable":true,"href":"https:\/\/eldiariodesanpedro.com.ar\/sitio\/wp-json\/wp\/v2\/users\/4"}],"replies":[{"embeddable":true,"href":"https:\/\/eldiariodesanpedro.com.ar\/sitio\/wp-json\/wp\/v2\/comments?post=147201"}],"version-history":[{"count":1,"href":"https:\/\/eldiariodesanpedro.com.ar\/sitio\/wp-json\/wp\/v2\/posts\/147201\/revisions"}],"predecessor-version":[{"id":147202,"href":"https:\/\/eldiariodesanpedro.com.ar\/sitio\/wp-json\/wp\/v2\/posts\/147201\/revisions\/147202"}],"wp:featuredmedia":[{"embeddable":true,"href":"https:\/\/eldiariodesanpedro.com.ar\/sitio\/wp-json\/wp\/v2\/media\/147203"}],"wp:attachment":[{"href":"https:\/\/eldiariodesanpedro.com.ar\/sitio\/wp-json\/wp\/v2\/media?parent=147201"}],"wp:term":[{"taxonomy":"category","embeddable":true,"href":"https:\/\/eldiariodesanpedro.com.ar\/sitio\/wp-json\/wp\/v2\/categories?post=147201"},{"taxonomy":"post_tag","embeddable":true,"href":"https:\/\/eldiariodesanpedro.com.ar\/sitio\/wp-json\/wp\/v2\/tags?post=147201"}],"curies":[{"name":"wp","href":"https:\/\/api.w.org\/{rel}","templated":true}]}}