{"id":14719,"date":"2017-02-15T09:40:55","date_gmt":"2017-02-15T12:40:55","guid":{"rendered":"https:\/\/eldiariodesanpedro.com.ar\/sitio\/?p=14719"},"modified":"2017-02-15T09:40:55","modified_gmt":"2017-02-15T12:40:55","slug":"una-senora-mayor-de-edad-atropellada-por-un-camion","status":"publish","type":"post","link":"https:\/\/eldiariodesanpedro.com.ar\/sitio\/una-senora-mayor-de-edad-atropellada-por-un-camion\/","title":{"rendered":"Una se\u00f1ora mayor de edad atropellada por un cami\u00f3n"},"content":{"rendered":"<p><!-- VideographyWP Plugin Message: Automatic video embedding prevented by plugin options. --><br \/>\nEn la ma\u00f1ana de hoy alrededor de las 9:00 hs en  la esquina de Av. 3 de Febrero y Nuestra Se\u00f1ora del Socorro donde una cami\u00f3n que circulaba por la avenida,  cuando va a doblar a su izquierda no ve una se\u00f1ora que circulaba a pie cruzando la calle, como el cami\u00f3n circulaba a muy baja velocidad solo golpe\u00f3 a esta se\u00f1ora. <\/p>\n<p>La se\u00f1ora fue trasladada a la guardia del hospital por el servicio de emergencia 107 donde se le realizar\u00e1n los estudios necesarios para ver si tiene golpes de consideraci\u00f3n. <\/p>\n","protected":false},"excerpt":{"rendered":"<p>En la ma\u00f1ana de hoy alrededor de las 9:00 hs en la esquina de Av. 3 de Febrero y Nuestra Se\u00f1ora del Socorro donde una cami\u00f3n que circulaba por la avenida, cuando va a doblar a su izquierda no ve una se\u00f1ora que circulaba a pie cruzando la calle, como el cami\u00f3n circulaba a muy [&hellip;]<\/p>\n","protected":false},"author":4,"featured_media":14718,"comment_status":"open","ping_status":"closed","sticky":false,"template":"","format":"standard","meta":{"om_disable_all_campaigns":false,"_jetpack_memberships_contains_paid_content":false,"footnotes":""},"categories":[50,2,103],"tags":[],"class_list":["post-14719","post","type-post","status-publish","format-standard","has-post-thumbnail","hentry","category-destacadas","category-locales","category-policiales-locales"],"aioseo_notices":[],"gutentor_comment":0,"jetpack_featured_media_url":"https:\/\/eldiariodesanpedro.com.ar\/sitio\/wp-content\/uploads\/2017\/02\/IMG_20170215_090445670-e1487161873878.jpg","jetpack_shortlink":"https:\/\/wp.me\/p6RhLt-3Pp","jetpack_sharing_enabled":true,"_links":{"self":[{"href":"https:\/\/eldiariodesanpedro.com.ar\/sitio\/wp-json\/wp\/v2\/posts\/14719","targetHints":{"allow":["GET"]}}],"collection":[{"href":"https:\/\/eldiariodesanpedro.com.ar\/sitio\/wp-json\/wp\/v2\/posts"}],"about":[{"href":"https:\/\/eldiariodesanpedro.com.ar\/sitio\/wp-json\/wp\/v2\/types\/post"}],"author":[{"embeddable":true,"href":"https:\/\/eldiariodesanpedro.com.ar\/sitio\/wp-json\/wp\/v2\/users\/4"}],"replies":[{"embeddable":true,"href":"https:\/\/eldiariodesanpedro.com.ar\/sitio\/wp-json\/wp\/v2\/comments?post=14719"}],"version-history":[{"count":1,"href":"https:\/\/eldiariodesanpedro.com.ar\/sitio\/wp-json\/wp\/v2\/posts\/14719\/revisions"}],"predecessor-version":[{"id":14720,"href":"https:\/\/eldiariodesanpedro.com.ar\/sitio\/wp-json\/wp\/v2\/posts\/14719\/revisions\/14720"}],"wp:featuredmedia":[{"embeddable":true,"href":"https:\/\/eldiariodesanpedro.com.ar\/sitio\/wp-json\/wp\/v2\/media\/14718"}],"wp:attachment":[{"href":"https:\/\/eldiariodesanpedro.com.ar\/sitio\/wp-json\/wp\/v2\/media?parent=14719"}],"wp:term":[{"taxonomy":"category","embeddable":true,"href":"https:\/\/eldiariodesanpedro.com.ar\/sitio\/wp-json\/wp\/v2\/categories?post=14719"},{"taxonomy":"post_tag","embeddable":true,"href":"https:\/\/eldiariodesanpedro.com.ar\/sitio\/wp-json\/wp\/v2\/tags?post=14719"}],"curies":[{"name":"wp","href":"https:\/\/api.w.org\/{rel}","templated":true}]}}