{"id":147140,"date":"2026-01-20T11:16:34","date_gmt":"2026-01-20T14:16:34","guid":{"rendered":"https:\/\/eldiariodesanpedro.com.ar\/sitio\/investigan-el-incendio-de-una-motocicleta-en-casella-y-rivadavia\/"},"modified":"2026-01-20T11:25:16","modified_gmt":"2026-01-20T14:25:16","slug":"investigan-el-incendio-de-una-motocicleta-en-casella-y-rivadavia","status":"publish","type":"post","link":"https:\/\/eldiariodesanpedro.com.ar\/sitio\/investigan-el-incendio-de-una-motocicleta-en-casella-y-rivadavia\/","title":{"rendered":"Investigan el incendio de una motocicleta en Casella y Rivadavia"},"content":{"rendered":"<p><!-- VideographyWP Plugin Message: Automatic video embedding prevented by plugin options. --><br \/>\n<strong>Una motocicleta fue destruida por el fuego<\/strong> este domingo en la esquina de <strong>Casella y Rivadavia<\/strong>, en un hecho que ahora est\u00e1 bajo an\u00e1lisis de la fiscal\u00eda local para esclarecer sus causas y origen.<\/p>\n<p>En las primeras horas de la jornada de domingo, el <strong>Comando de la Polic\u00eda Comunal<\/strong> recibi\u00f3 un aviso a trav\u00e9s del <strong>911<\/strong> que los alert\u00f3 sobre la presencia de un veh\u00edculo incendi\u00e1ndose en la v\u00eda p\u00fablica. Al llegar, los agentes encontraron la moto ardiendo y sin nadie en las inmediaciones.<\/p>\n<p>Ante la gravedad del episodio, se solicit\u00f3 la intervenci\u00f3n de los <strong>Bomberos Voluntarios<\/strong>, que lograron controlar r\u00e1pidamente el incendio y evitaron la propagaci\u00f3n del fuego a propiedades cercanas.<\/p>\n<p>Una vez sofocadas las llamas, se procedi\u00f3 al traslado de la moto, identificada como una <strong>Gilera Smash de 110 cc<\/strong> de color oscuro y sin patente visible, a la sede policial donde fue sometida a peritaje. Seg\u00fan fuentes oficiales, el chequeo del n\u00famero de motor y chasis arroj\u00f3 <strong>resultados negativos en el sistema de veh\u00edculos requeridos<\/strong>, es decir, no hab\u00eda denuncia de robo ni pedido de secuestro.<\/p>\n<p>La <strong>Fiscal\u00eda<\/strong> inici\u00f3 las actuaciones correspondientes para determinar c\u00f3mo comenz\u00f3 el incendio y datos precisos sobre la procedencia del rodado.<\/p>\n","protected":false},"excerpt":{"rendered":"<p>Un rodado fue hallado en llamas durante la madrugada en San Pedro. Analizan las causas y a qui\u00e9n pertenece el veh\u00edculo.<\/p>\n","protected":false},"author":4,"featured_media":147139,"comment_status":"closed","ping_status":"closed","sticky":false,"template":"","format":"standard","meta":{"om_disable_all_campaigns":false,"_jetpack_memberships_contains_paid_content":false,"footnotes":""},"categories":[101,2],"tags":[562],"class_list":["post-147140","post","type-post","status-publish","format-standard","has-post-thumbnail","hentry","category-interes-general-locales","category-locales","tag-incendio"],"aioseo_notices":[],"gutentor_comment":0,"jetpack_featured_media_url":"https:\/\/eldiariodesanpedro.com.ar\/sitio\/wp-content\/uploads\/2026\/01\/Incendiod-e-moto-.jpg","jetpack_shortlink":"https:\/\/wp.me\/p6RhLt-Che","jetpack_sharing_enabled":true,"_links":{"self":[{"href":"https:\/\/eldiariodesanpedro.com.ar\/sitio\/wp-json\/wp\/v2\/posts\/147140","targetHints":{"allow":["GET"]}}],"collection":[{"href":"https:\/\/eldiariodesanpedro.com.ar\/sitio\/wp-json\/wp\/v2\/posts"}],"about":[{"href":"https:\/\/eldiariodesanpedro.com.ar\/sitio\/wp-json\/wp\/v2\/types\/post"}],"author":[{"embeddable":true,"href":"https:\/\/eldiariodesanpedro.com.ar\/sitio\/wp-json\/wp\/v2\/users\/4"}],"replies":[{"embeddable":true,"href":"https:\/\/eldiariodesanpedro.com.ar\/sitio\/wp-json\/wp\/v2\/comments?post=147140"}],"version-history":[{"count":2,"href":"https:\/\/eldiariodesanpedro.com.ar\/sitio\/wp-json\/wp\/v2\/posts\/147140\/revisions"}],"predecessor-version":[{"id":147143,"href":"https:\/\/eldiariodesanpedro.com.ar\/sitio\/wp-json\/wp\/v2\/posts\/147140\/revisions\/147143"}],"wp:featuredmedia":[{"embeddable":true,"href":"https:\/\/eldiariodesanpedro.com.ar\/sitio\/wp-json\/wp\/v2\/media\/147139"}],"wp:attachment":[{"href":"https:\/\/eldiariodesanpedro.com.ar\/sitio\/wp-json\/wp\/v2\/media?parent=147140"}],"wp:term":[{"taxonomy":"category","embeddable":true,"href":"https:\/\/eldiariodesanpedro.com.ar\/sitio\/wp-json\/wp\/v2\/categories?post=147140"},{"taxonomy":"post_tag","embeddable":true,"href":"https:\/\/eldiariodesanpedro.com.ar\/sitio\/wp-json\/wp\/v2\/tags?post=147140"}],"curies":[{"name":"wp","href":"https:\/\/api.w.org\/{rel}","templated":true}]}}