{"id":147122,"date":"2026-01-20T10:25:52","date_gmt":"2026-01-20T13:25:52","guid":{"rendered":"https:\/\/eldiariodesanpedro.com.ar\/sitio\/?p=147122"},"modified":"2026-01-24T00:46:37","modified_gmt":"2026-01-24T03:46:37","slug":"fallecio-osvaldo-lorenzo-sanso-86-anos","status":"publish","type":"post","link":"https:\/\/eldiariodesanpedro.com.ar\/sitio\/fallecio-osvaldo-lorenzo-sanso-86-anos\/","title":{"rendered":"Falleci\u00f3 Osvaldo Lorenzo Sans\u00f3, 86 a\u00f1os"},"content":{"rendered":"<!-- VideographyWP Plugin Message: Automatic video embedding prevented by plugin options. -->\n\n<p>El vecino falleci\u00f3 este domingo a los 86 a\u00f1os. Sus restos son velados en la sala N.\u00ba 3 de Coopserser Servicios Sociales, con servicio previsto hasta la noche.<\/p>\n\n\n\n<p><strong>Osvaldo Lorenzo Sans\u00f3 falleci\u00f3 a los 86 a\u00f1os<\/strong>, seg\u00fan se inform\u00f3 oficialmente este domingo. Sus restos <strong>son velados en la sala velatoria N.\u00ba 3<\/strong>, ubicada en <strong>3 de Febrero 1475<\/strong>, bajo la cobertura de <strong>Coopserser Servicios Sociales<\/strong>.<\/p>\n\n\n\n<p>El <strong>servicio de velatorio se extender\u00e1 hasta las 23:00 horas de este lunes 19 de enero de 2026<\/strong>, acompa\u00f1ando a familiares y allegados en este momento de profundo dolor.<\/p>\n\n\n\n<p>Desde este medio <strong>acompa\u00f1amos a sus seres queridos<\/strong> y expresamos nuestras condolencias.<\/p>\n\n\n\n<p>#Fallecimiento #OsvaldoSans\u00f3 #Necrol\u00f3gica #ServiciosSociales #Coopserser<br><\/p>\n","protected":false},"excerpt":{"rendered":"<p>El vecino falleci\u00f3 este domingo a los 86 a\u00f1os. Sus restos son velados en la sala N.\u00ba 3 de Coopserser Servicios Sociales, con servicio previsto hasta la noche. Osvaldo Lorenzo Sans\u00f3 falleci\u00f3 a los 86 a\u00f1os, seg\u00fan se inform\u00f3 oficialmente este domingo. Sus restos son velados en la sala velatoria N.\u00ba 3, ubicada en 3 [&hellip;]<\/p>\n","protected":false},"author":4,"featured_media":113757,"comment_status":"closed","ping_status":"closed","sticky":false,"template":"","format":"standard","meta":{"om_disable_all_campaigns":false,"_jetpack_memberships_contains_paid_content":false,"footnotes":""},"categories":[8424],"tags":[8315,8314,8313,7895,6885,3814],"class_list":["post-147122","post","type-post","status-publish","format-standard","has-post-thumbnail","hentry","category-necrologicas","tag-3-de-febrero-1475","tag-coopserser-servicios-sociales","tag-fallecio-osvaldo-lorenzo-sanso","tag-necrologica","tag-sala-velatoria","tag-velatorio"],"aioseo_notices":[],"gutentor_comment":0,"jetpack_featured_media_url":"https:\/\/eldiariodesanpedro.com.ar\/sitio\/wp-content\/uploads\/2023\/01\/necrologicas.jpg","jetpack_shortlink":"https:\/\/wp.me\/p6RhLt-CgW","jetpack_sharing_enabled":true,"_links":{"self":[{"href":"https:\/\/eldiariodesanpedro.com.ar\/sitio\/wp-json\/wp\/v2\/posts\/147122","targetHints":{"allow":["GET"]}}],"collection":[{"href":"https:\/\/eldiariodesanpedro.com.ar\/sitio\/wp-json\/wp\/v2\/posts"}],"about":[{"href":"https:\/\/eldiariodesanpedro.com.ar\/sitio\/wp-json\/wp\/v2\/types\/post"}],"author":[{"embeddable":true,"href":"https:\/\/eldiariodesanpedro.com.ar\/sitio\/wp-json\/wp\/v2\/users\/4"}],"replies":[{"embeddable":true,"href":"https:\/\/eldiariodesanpedro.com.ar\/sitio\/wp-json\/wp\/v2\/comments?post=147122"}],"version-history":[{"count":1,"href":"https:\/\/eldiariodesanpedro.com.ar\/sitio\/wp-json\/wp\/v2\/posts\/147122\/revisions"}],"predecessor-version":[{"id":147123,"href":"https:\/\/eldiariodesanpedro.com.ar\/sitio\/wp-json\/wp\/v2\/posts\/147122\/revisions\/147123"}],"wp:featuredmedia":[{"embeddable":true,"href":"https:\/\/eldiariodesanpedro.com.ar\/sitio\/wp-json\/wp\/v2\/media\/113757"}],"wp:attachment":[{"href":"https:\/\/eldiariodesanpedro.com.ar\/sitio\/wp-json\/wp\/v2\/media?parent=147122"}],"wp:term":[{"taxonomy":"category","embeddable":true,"href":"https:\/\/eldiariodesanpedro.com.ar\/sitio\/wp-json\/wp\/v2\/categories?post=147122"},{"taxonomy":"post_tag","embeddable":true,"href":"https:\/\/eldiariodesanpedro.com.ar\/sitio\/wp-json\/wp\/v2\/tags?post=147122"}],"curies":[{"name":"wp","href":"https:\/\/api.w.org\/{rel}","templated":true}]}}