{"id":14712,"date":"2017-02-14T21:15:50","date_gmt":"2017-02-15T00:15:50","guid":{"rendered":"https:\/\/eldiariodesanpedro.com.ar\/sitio\/?p=14712"},"modified":"2026-01-24T00:31:03","modified_gmt":"2026-01-24T03:31:03","slug":"optimist-malena-sciarra-federico-moretti-y-maylen-muscia-clasificaron-para-el-norteamericano-2017","status":"publish","type":"post","link":"https:\/\/eldiariodesanpedro.com.ar\/sitio\/optimist-malena-sciarra-federico-moretti-y-maylen-muscia-clasificaron-para-el-norteamericano-2017\/","title":{"rendered":"OPTIMIST: Malena Sciarra, Federico Moretti y Mayl\u00e9n Muscia clasificaron para el Norteamericano 2017"},"content":{"rendered":"<p><!-- VideographyWP Plugin Message: Automatic video embedding prevented by plugin options. --><br \/>\nAdem\u00e1s de la destacada actuaci\u00f3n general en todas las clases en las que la flota del N\u00e1utico intervino, vale destacar que tres timoneles del club lograron por sus posiciones en las regatas clasificatorias, el pasaporte al Norteamericano 2017 de Optimist. Ellos son, Malena Sciarra, Federico Moretti y Mayl\u00e9n Muscia y el campeonato se correr\u00e1 en Junio, en Toronto, Canad\u00e1.<\/p>\n","protected":false},"excerpt":{"rendered":"<p>Adem\u00e1s de la destacada actuaci\u00f3n general en todas las clases en las que la flota del N\u00e1utico intervino, vale destacar que tres timoneles del club lograron por sus posiciones en las regatas clasificatorias, el pasaporte al Norteamericano 2017 de Optimist. Ellos son, Malena Sciarra, Federico Moretti y Mayl\u00e9n Muscia y el campeonato se correr\u00e1 en [&hellip;]<\/p>\n","protected":false},"author":4,"featured_media":14717,"comment_status":"open","ping_status":"closed","sticky":false,"template":"","format":"standard","meta":{"om_disable_all_campaigns":false,"_jetpack_memberships_contains_paid_content":false,"footnotes":""},"categories":[5],"tags":[],"class_list":["post-14712","post","type-post","status-publish","format-standard","has-post-thumbnail","hentry","category-deportes"],"aioseo_notices":[],"gutentor_comment":0,"jetpack_featured_media_url":"https:\/\/eldiariodesanpedro.com.ar\/sitio\/wp-content\/uploads\/2017\/02\/toronto-2017.png","jetpack_shortlink":"https:\/\/wp.me\/p6RhLt-3Pi","jetpack_sharing_enabled":true,"_links":{"self":[{"href":"https:\/\/eldiariodesanpedro.com.ar\/sitio\/wp-json\/wp\/v2\/posts\/14712","targetHints":{"allow":["GET"]}}],"collection":[{"href":"https:\/\/eldiariodesanpedro.com.ar\/sitio\/wp-json\/wp\/v2\/posts"}],"about":[{"href":"https:\/\/eldiariodesanpedro.com.ar\/sitio\/wp-json\/wp\/v2\/types\/post"}],"author":[{"embeddable":true,"href":"https:\/\/eldiariodesanpedro.com.ar\/sitio\/wp-json\/wp\/v2\/users\/4"}],"replies":[{"embeddable":true,"href":"https:\/\/eldiariodesanpedro.com.ar\/sitio\/wp-json\/wp\/v2\/comments?post=14712"}],"version-history":[{"count":1,"href":"https:\/\/eldiariodesanpedro.com.ar\/sitio\/wp-json\/wp\/v2\/posts\/14712\/revisions"}],"predecessor-version":[{"id":14715,"href":"https:\/\/eldiariodesanpedro.com.ar\/sitio\/wp-json\/wp\/v2\/posts\/14712\/revisions\/14715"}],"wp:featuredmedia":[{"embeddable":true,"href":"https:\/\/eldiariodesanpedro.com.ar\/sitio\/wp-json\/wp\/v2\/media\/14717"}],"wp:attachment":[{"href":"https:\/\/eldiariodesanpedro.com.ar\/sitio\/wp-json\/wp\/v2\/media?parent=14712"}],"wp:term":[{"taxonomy":"category","embeddable":true,"href":"https:\/\/eldiariodesanpedro.com.ar\/sitio\/wp-json\/wp\/v2\/categories?post=14712"},{"taxonomy":"post_tag","embeddable":true,"href":"https:\/\/eldiariodesanpedro.com.ar\/sitio\/wp-json\/wp\/v2\/tags?post=14712"}],"curies":[{"name":"wp","href":"https:\/\/api.w.org\/{rel}","templated":true}]}}