{"id":147106,"date":"2026-01-15T18:28:58","date_gmt":"2026-01-15T21:28:58","guid":{"rendered":"https:\/\/eldiariodesanpedro.com.ar\/sitio\/fallecio-un-joven-de-25-anos-tras-recibir-un-disparo-en-el-pecho\/"},"modified":"2026-01-15T18:28:58","modified_gmt":"2026-01-15T21:28:58","slug":"fallecio-un-joven-de-25-anos-tras-recibir-un-disparo-en-el-pecho","status":"publish","type":"post","link":"https:\/\/eldiariodesanpedro.com.ar\/sitio\/fallecio-un-joven-de-25-anos-tras-recibir-un-disparo-en-el-pecho\/","title":{"rendered":"Falleci\u00f3 un joven de 25 a\u00f1os tras recibir un disparo en el pecho"},"content":{"rendered":"<p><!-- VideographyWP Plugin Message: Automatic video embedding prevented by plugin options. --><\/p>\n<p><strong>Agust\u00edn Pereyra, de 25 a\u00f1os<\/strong>, muri\u00f3 este jueves tras haber sido herido de bala en el pecho. El hecho ocurri\u00f3 durante la tarde, cuando Pereyra lleg\u00f3 lesionado a un domicilio ubicado en <strong>Manuel Iglesias al 1100<\/strong>.<\/p>\n<p>La confirmaci\u00f3n del fallecimiento se produjo minutos antes de <strong>las 17:30<\/strong>. El caso fue caratulado como <strong>homicidio<\/strong> y permanece bajo investigaci\u00f3n.<\/p>\n","protected":false},"excerpt":{"rendered":"<p>Agust\u00edn Pereyra falleci\u00f3 este jueves luego de ser herido de bala en un domicilio de Manuel Iglesias al 1100.<\/p>\n","protected":false},"author":4,"featured_media":147105,"comment_status":"","ping_status":"","sticky":false,"template":"","format":"standard","meta":{"om_disable_all_campaigns":false,"_jetpack_memberships_contains_paid_content":false,"footnotes":""},"categories":[103],"tags":[],"class_list":["post-147106","post","type-post","status-publish","format-standard","has-post-thumbnail","hentry","category-policiales-locales"],"aioseo_notices":[],"gutentor_comment":0,"jetpack_featured_media_url":"https:\/\/eldiariodesanpedro.com.ar\/sitio\/wp-content\/uploads\/2026\/01\/file_14.jpg","jetpack_shortlink":"https:\/\/wp.me\/p6RhLt-CgG","jetpack_sharing_enabled":true,"_links":{"self":[{"href":"https:\/\/eldiariodesanpedro.com.ar\/sitio\/wp-json\/wp\/v2\/posts\/147106","targetHints":{"allow":["GET"]}}],"collection":[{"href":"https:\/\/eldiariodesanpedro.com.ar\/sitio\/wp-json\/wp\/v2\/posts"}],"about":[{"href":"https:\/\/eldiariodesanpedro.com.ar\/sitio\/wp-json\/wp\/v2\/types\/post"}],"author":[{"embeddable":true,"href":"https:\/\/eldiariodesanpedro.com.ar\/sitio\/wp-json\/wp\/v2\/users\/4"}],"replies":[{"embeddable":true,"href":"https:\/\/eldiariodesanpedro.com.ar\/sitio\/wp-json\/wp\/v2\/comments?post=147106"}],"version-history":[{"count":0,"href":"https:\/\/eldiariodesanpedro.com.ar\/sitio\/wp-json\/wp\/v2\/posts\/147106\/revisions"}],"wp:featuredmedia":[{"embeddable":true,"href":"https:\/\/eldiariodesanpedro.com.ar\/sitio\/wp-json\/wp\/v2\/media\/147105"}],"wp:attachment":[{"href":"https:\/\/eldiariodesanpedro.com.ar\/sitio\/wp-json\/wp\/v2\/media?parent=147106"}],"wp:term":[{"taxonomy":"category","embeddable":true,"href":"https:\/\/eldiariodesanpedro.com.ar\/sitio\/wp-json\/wp\/v2\/categories?post=147106"},{"taxonomy":"post_tag","embeddable":true,"href":"https:\/\/eldiariodesanpedro.com.ar\/sitio\/wp-json\/wp\/v2\/tags?post=147106"}],"curies":[{"name":"wp","href":"https:\/\/api.w.org\/{rel}","templated":true}]}}