{"id":147085,"date":"2026-01-14T16:43:43","date_gmt":"2026-01-14T19:43:43","guid":{"rendered":"https:\/\/eldiariodesanpedro.com.ar\/sitio\/?p=147085"},"modified":"2026-01-14T16:43:48","modified_gmt":"2026-01-14T19:43:48","slug":"alerta-a-corto-plazo-para-san-pedro-tormentas-fuertes-con-lluvias-intensas-y-posible-caida-de-granizo","status":"publish","type":"post","link":"https:\/\/eldiariodesanpedro.com.ar\/sitio\/alerta-a-corto-plazo-para-san-pedro-tormentas-fuertes-con-lluvias-intensas-y-posible-caida-de-granizo\/","title":{"rendered":"Alerta a corto plazo para San Pedro: tormentas fuertes con lluvias intensas y posible ca\u00edda de granizo"},"content":{"rendered":"<!-- VideographyWP Plugin Message: Automatic video embedding prevented by plugin options. -->\n\n<p>El SMN emiti\u00f3 una alerta a corto plazo para San Pedro y distritos vecinos por <strong>tormentas fuertes<\/strong>, con <strong>lluvias intensas<\/strong> y <strong>posible ca\u00edda de granizo<\/strong>.<\/p>\n\n\n\n<p>El <strong>Servicio Meteorol\u00f3gico Nacional (SMN)<\/strong> emiti\u00f3 una <strong>alerta a corto plazo<\/strong> que alcanza a <strong>San Pedro<\/strong> y a otros distritos del <strong>norte de la provincia de Buenos Aires<\/strong>, en el marco de un escenario de <strong>marcada inestabilidad<\/strong> que afecta a la regi\u00f3n.<\/p>\n\n\n\n<p>Seg\u00fan el informe oficial, se registran <strong>peque\u00f1as celdas de tormenta<\/strong> que avanzan <strong>desde la Mesopotamia hacia el norte bonaerense<\/strong>, con probabilidad de <strong>precipitaciones intensas<\/strong>, <strong>actividad el\u00e9ctrica<\/strong> y <strong>granizo de manera ocasional<\/strong>. La advertencia comprende a los partidos de <strong>Baradero, Campana, San Fernando, San Pedro y Z\u00e1rate<\/strong>, adem\u00e1s de las localidades entrerrianas de <strong>Gualeguay<\/strong> e <strong>Islas del Ibicuy<\/strong>.<\/p>\n\n\n\n<p>El fen\u00f3meno se da en un contexto de <strong>desmejora general del tiempo<\/strong> en la zona central del pa\u00eds. En ese sentido, el organismo meteorol\u00f3gico confirm\u00f3 que <strong>para este jueves rige una alerta amarilla<\/strong> para gran parte de la provincia de Buenos Aires, con <strong>tormentas, r\u00e1fagas y lluvias<\/strong> que podr\u00edan presentarse <strong>con intensidad puntual<\/strong>.<\/p>\n\n\n\n<p>Ante esta situaci\u00f3n, se recomienda <strong>extremar precauciones<\/strong>, evitar actividades al aire libre durante el desarrollo de las tormentas y mantenerse informados a trav\u00e9s de los <strong>canales oficiales<\/strong>.<\/p>\n\n\n\n<p>#AlertaMeteorol\u00f3gica #Tormentas #SanPedro #Granizo #LluviasIntensas #SMN #Clima<\/p>\n","protected":false},"excerpt":{"rendered":"<p>El SMN emiti\u00f3 una alerta a corto plazo para San Pedro y distritos vecinos por tormentas fuertes, con lluvias intensas y posible ca\u00edda de granizo. El Servicio Meteorol\u00f3gico Nacional (SMN) emiti\u00f3 una alerta a corto plazo que alcanza a San Pedro y a otros distritos del norte de la provincia de Buenos Aires, en el [&hellip;]<\/p>\n","protected":false},"author":4,"featured_media":125863,"comment_status":"closed","ping_status":"closed","sticky":false,"template":"","format":"standard","meta":{"om_disable_all_campaigns":false,"_jetpack_memberships_contains_paid_content":false,"footnotes":""},"categories":[50,101,2],"tags":[8296,7327,8294,8297,8295,19,8298,7325],"class_list":["post-147085","post","type-post","status-publish","format-standard","has-post-thumbnail","hentry","category-destacadas","category-interes-general-locales","category-locales","tag-alerta-a-corto-plazo","tag-alerta-amarilla","tag-lluvias-intensas","tag-norte-bonaerense","tag-posible-granizo","tag-san-pedro","tag-servicio-meteorologico-nacional","tag-tormentas-fuertes"],"aioseo_notices":[],"gutentor_comment":0,"jetpack_featured_media_url":"https:\/\/eldiariodesanpedro.com.ar\/sitio\/wp-content\/uploads\/2024\/02\/tormenta.jpg","jetpack_shortlink":"https:\/\/wp.me\/p6RhLt-Cgl","jetpack_sharing_enabled":true,"_links":{"self":[{"href":"https:\/\/eldiariodesanpedro.com.ar\/sitio\/wp-json\/wp\/v2\/posts\/147085","targetHints":{"allow":["GET"]}}],"collection":[{"href":"https:\/\/eldiariodesanpedro.com.ar\/sitio\/wp-json\/wp\/v2\/posts"}],"about":[{"href":"https:\/\/eldiariodesanpedro.com.ar\/sitio\/wp-json\/wp\/v2\/types\/post"}],"author":[{"embeddable":true,"href":"https:\/\/eldiariodesanpedro.com.ar\/sitio\/wp-json\/wp\/v2\/users\/4"}],"replies":[{"embeddable":true,"href":"https:\/\/eldiariodesanpedro.com.ar\/sitio\/wp-json\/wp\/v2\/comments?post=147085"}],"version-history":[{"count":1,"href":"https:\/\/eldiariodesanpedro.com.ar\/sitio\/wp-json\/wp\/v2\/posts\/147085\/revisions"}],"predecessor-version":[{"id":147086,"href":"https:\/\/eldiariodesanpedro.com.ar\/sitio\/wp-json\/wp\/v2\/posts\/147085\/revisions\/147086"}],"wp:featuredmedia":[{"embeddable":true,"href":"https:\/\/eldiariodesanpedro.com.ar\/sitio\/wp-json\/wp\/v2\/media\/125863"}],"wp:attachment":[{"href":"https:\/\/eldiariodesanpedro.com.ar\/sitio\/wp-json\/wp\/v2\/media?parent=147085"}],"wp:term":[{"taxonomy":"category","embeddable":true,"href":"https:\/\/eldiariodesanpedro.com.ar\/sitio\/wp-json\/wp\/v2\/categories?post=147085"},{"taxonomy":"post_tag","embeddable":true,"href":"https:\/\/eldiariodesanpedro.com.ar\/sitio\/wp-json\/wp\/v2\/tags?post=147085"}],"curies":[{"name":"wp","href":"https:\/\/api.w.org\/{rel}","templated":true}]}}