{"id":147081,"date":"2026-01-14T16:29:57","date_gmt":"2026-01-14T19:29:57","guid":{"rendered":"https:\/\/eldiariodesanpedro.com.ar\/sitio\/?p=147081"},"modified":"2026-01-14T16:30:02","modified_gmt":"2026-01-14T19:30:02","slug":"nuevo-ingreso-accesible-en-el-estadio-municipal","status":"publish","type":"post","link":"https:\/\/eldiariodesanpedro.com.ar\/sitio\/nuevo-ingreso-accesible-en-el-estadio-municipal\/","title":{"rendered":"Nuevo ingreso accesible en el Estadio Municipal"},"content":{"rendered":"<!-- VideographyWP Plugin Message: Automatic video embedding prevented by plugin options. -->\n\n<p>La Municipalidad avanza con una obra clave en el Estadio Municipal para mejorar la accesibilidad de personas con discapacidad, con finalizaci\u00f3n prevista antes de la temporada 2026.<\/p>\n\n\n\n<p>La Municipalidad de San Pedro avanza con la construcci\u00f3n de un <strong>nuevo ingreso accesible para personas con discapacidad en el Estadio Municipal<\/strong>, una obra que apunta a <strong>mejorar la inclusi\u00f3n y garantizar igualdad de acceso<\/strong> a uno de los principales espacios deportivos de la ciudad.<\/p>\n\n\n\n<p>Los trabajos se desarrollan en el <strong>acceso ubicado sobre calle Bozzano<\/strong>, donde se ejecutan las adecuaciones necesarias para facilitar el ingreso seguro y c\u00f3modo de personas con movilidad reducida. La iniciativa busca <strong>eliminar barreras arquitect\u00f3nicas<\/strong> y acompa\u00f1ar las pol\u00edticas p\u00fablicas de accesibilidad e integraci\u00f3n.<\/p>\n\n\n\n<p>La obra es impulsada por la <strong>Direcci\u00f3n de Deportes<\/strong>, a cargo de <strong>Pablo Guereta<\/strong>, y forma parte de un plan de mejoras progresivas en la infraestructura deportiva local. Seg\u00fan se inform\u00f3, los trabajos <strong>estar\u00e1n finalizados antes del inicio de la temporada 2026<\/strong>, permitiendo que vecinos y vecinas puedan disfrutar del estadio en condiciones m\u00e1s inclusivas y equitativas.<\/p>\n\n\n\n<p>Desde el Municipio destacaron que este tipo de intervenciones refuerzan el compromiso con una ciudad <strong>m\u00e1s accesible, moderna e inclusiva<\/strong>, donde el deporte y los espacios p\u00fablicos puedan ser disfrutados por toda la comunidad.<\/p>\n\n\n\n<p>#EstadioMunicipal #Accesibilidad #Inclusi\u00f3n #ObrasP\u00fablicas #DeporteInclusivo #Municipalidad #Discapacidad<\/p>\n\n\n\n<figure class=\"wp-block-image size-large\"><img decoding=\"async\" width=\"1024\" height=\"576\" data-attachment-id=\"147083\" data-permalink=\"https:\/\/eldiariodesanpedro.com.ar\/sitio\/nuevo-ingreso-accesible-en-el-estadio-municipal\/615178403_1310186601144384_6205017096404068531_n\/\" data-orig-file=\"https:\/\/eldiariodesanpedro.com.ar\/sitio\/wp-content\/uploads\/2026\/01\/615178403_1310186601144384_6205017096404068531_n.jpg\" data-orig-size=\"1120,630\" data-comments-opened=\"0\" data-image-meta=\"{&quot;aperture&quot;:&quot;0&quot;,&quot;credit&quot;:&quot;&quot;,&quot;camera&quot;:&quot;&quot;,&quot;caption&quot;:&quot;&quot;,&quot;created_timestamp&quot;:&quot;0&quot;,&quot;copyright&quot;:&quot;&quot;,&quot;focal_length&quot;:&quot;0&quot;,&quot;iso&quot;:&quot;0&quot;,&quot;shutter_speed&quot;:&quot;0&quot;,&quot;title&quot;:&quot;&quot;,&quot;orientation&quot;:&quot;0&quot;}\" data-image-title=\"615178403_1310186601144384_6205017096404068531_n\" data-image-description=\"\" data-image-caption=\"\" data-large-file=\"https:\/\/eldiariodesanpedro.com.ar\/sitio\/wp-content\/uploads\/2026\/01\/615178403_1310186601144384_6205017096404068531_n-1024x576.jpg\" data-src=\"https:\/\/eldiariodesanpedro.com.ar\/sitio\/wp-content\/uploads\/2026\/01\/615178403_1310186601144384_6205017096404068531_n-1024x576.jpg\" alt=\"\" class=\"wp-image-147083 lazyload\" data-srcset=\"https:\/\/eldiariodesanpedro.com.ar\/sitio\/wp-content\/uploads\/2026\/01\/615178403_1310186601144384_6205017096404068531_n-1024x576.jpg 1024w, https:\/\/eldiariodesanpedro.com.ar\/sitio\/wp-content\/uploads\/2026\/01\/615178403_1310186601144384_6205017096404068531_n-300x169.jpg 300w, https:\/\/eldiariodesanpedro.com.ar\/sitio\/wp-content\/uploads\/2026\/01\/615178403_1310186601144384_6205017096404068531_n-768x432.jpg 768w, https:\/\/eldiariodesanpedro.com.ar\/sitio\/wp-content\/uploads\/2026\/01\/615178403_1310186601144384_6205017096404068531_n.jpg 1120w\" data-sizes=\"(max-width: 1024px) 100vw, 1024px\" src=\"data:image\/svg+xml;base64,PHN2ZyB3aWR0aD0iMSIgaGVpZ2h0PSIxIiB4bWxucz0iaHR0cDovL3d3dy53My5vcmcvMjAwMC9zdmciPjwvc3ZnPg==\" style=\"--smush-placeholder-width: 1024px; --smush-placeholder-aspect-ratio: 1024\/576;\" \/><\/figure>\n","protected":false},"excerpt":{"rendered":"<p>La Municipalidad avanza con una obra clave en el Estadio Municipal para mejorar la accesibilidad de personas con discapacidad, con finalizaci\u00f3n prevista antes de la temporada 2026. La Municipalidad de San Pedro avanza con la construcci\u00f3n de un nuevo ingreso accesible para personas con discapacidad en el Estadio Municipal, una obra que apunta a mejorar [&hellip;]<\/p>\n","protected":false},"author":4,"featured_media":147082,"comment_status":"closed","ping_status":"closed","sticky":false,"template":"","format":"standard","meta":{"om_disable_all_campaigns":false,"_jetpack_memberships_contains_paid_content":false,"footnotes":""},"categories":[101,2],"tags":[8292,8293,5437,6003,8291,5716],"class_list":["post-147081","post","type-post","status-publish","format-standard","has-post-thumbnail","hentry","category-interes-general-locales","category-locales","tag-accesibilidad-urbana","tag-deporte-inclusivo","tag-estadio-municipal","tag-inclusion-social","tag-ingreso-accesible","tag-obras-municipales"],"aioseo_notices":[],"gutentor_comment":0,"jetpack_featured_media_url":"https:\/\/eldiariodesanpedro.com.ar\/sitio\/wp-content\/uploads\/2026\/01\/616233680_1310186901144354_3175308076922230665_n.jpg","jetpack_shortlink":"https:\/\/wp.me\/p6RhLt-Cgh","jetpack_sharing_enabled":true,"_links":{"self":[{"href":"https:\/\/eldiariodesanpedro.com.ar\/sitio\/wp-json\/wp\/v2\/posts\/147081","targetHints":{"allow":["GET"]}}],"collection":[{"href":"https:\/\/eldiariodesanpedro.com.ar\/sitio\/wp-json\/wp\/v2\/posts"}],"about":[{"href":"https:\/\/eldiariodesanpedro.com.ar\/sitio\/wp-json\/wp\/v2\/types\/post"}],"author":[{"embeddable":true,"href":"https:\/\/eldiariodesanpedro.com.ar\/sitio\/wp-json\/wp\/v2\/users\/4"}],"replies":[{"embeddable":true,"href":"https:\/\/eldiariodesanpedro.com.ar\/sitio\/wp-json\/wp\/v2\/comments?post=147081"}],"version-history":[{"count":1,"href":"https:\/\/eldiariodesanpedro.com.ar\/sitio\/wp-json\/wp\/v2\/posts\/147081\/revisions"}],"predecessor-version":[{"id":147084,"href":"https:\/\/eldiariodesanpedro.com.ar\/sitio\/wp-json\/wp\/v2\/posts\/147081\/revisions\/147084"}],"wp:featuredmedia":[{"embeddable":true,"href":"https:\/\/eldiariodesanpedro.com.ar\/sitio\/wp-json\/wp\/v2\/media\/147082"}],"wp:attachment":[{"href":"https:\/\/eldiariodesanpedro.com.ar\/sitio\/wp-json\/wp\/v2\/media?parent=147081"}],"wp:term":[{"taxonomy":"category","embeddable":true,"href":"https:\/\/eldiariodesanpedro.com.ar\/sitio\/wp-json\/wp\/v2\/categories?post=147081"},{"taxonomy":"post_tag","embeddable":true,"href":"https:\/\/eldiariodesanpedro.com.ar\/sitio\/wp-json\/wp\/v2\/tags?post=147081"}],"curies":[{"name":"wp","href":"https:\/\/api.w.org\/{rel}","templated":true}]}}