{"id":147078,"date":"2026-01-14T16:14:03","date_gmt":"2026-01-14T19:14:03","guid":{"rendered":"https:\/\/eldiariodesanpedro.com.ar\/sitio\/?p=147078"},"modified":"2026-01-14T16:14:07","modified_gmt":"2026-01-14T19:14:07","slug":"este-viernes-peatonal-pena-en-25-de-mayo-y-el-sabado-karaoke","status":"publish","type":"post","link":"https:\/\/eldiariodesanpedro.com.ar\/sitio\/este-viernes-peatonal-pena-en-25-de-mayo-y-el-sabado-karaoke\/","title":{"rendered":"Este viernes, peatonal pe\u00f1a en 25 de Mayo y el s\u00e1bado karaoke"},"content":{"rendered":"<!-- VideographyWP Plugin Message: Automatic video embedding prevented by plugin options. -->\n\n<p>La peatonal de 25 de Mayo se transforma este fin de semana en un espacio de m\u00fasica, gastronom\u00eda y propuestas culturales con pe\u00f1a folcl\u00f3rica el viernes y karaoke abierto el s\u00e1bado.<\/p>\n\n\n\n<p>La ciudad vuelve a sumar propuestas para disfrutar el fin de semana con la <strong>\u201cPeatonal Pe\u00f1a\u201d sobre la calle 25 de Mayo, entre G\u00fcemes y Balcarce<\/strong>, una iniciativa organizada por <strong>Bar Berl\u00edn<\/strong>, la <strong>productora del \u201cMono\u201d Velo<\/strong> y con el <strong>acompa\u00f1amiento del municipio<\/strong>.<\/p>\n\n\n\n<p>Durante ambas jornadas, el p\u00fablico podr\u00e1 recorrer una <strong>variada oferta gastron\u00f3mica<\/strong>, disfrutar de <strong>actividades culturales y art\u00edsticas<\/strong>, participar de <strong>juegos para ni\u00f1os<\/strong>, visitar la <strong>feria de emprendedores<\/strong> y acceder a <strong>sorteos<\/strong>, en un entorno pensado para toda la familia.<\/p>\n\n\n\n<p>Este <strong>viernes 16 de enero<\/strong>, la propuesta ser\u00e1 una <strong>noche de pe\u00f1a<\/strong>, con la presentaci\u00f3n en vivo de <strong>Daniel Cabrera<\/strong>, <strong>Keko Gonz\u00e1lez<\/strong> y <strong>Aires de la 25<\/strong>, que aportar\u00e1n m\u00fasica y clima festivo al espacio peatonal.<\/p>\n\n\n\n<p>En tanto, el <strong>s\u00e1bado<\/strong>, la actividad continuar\u00e1 con una <strong>noche de karaoke<\/strong>, <strong>abierta a todas las personas que deseen participar<\/strong>, convirti\u00e9ndose en una alternativa recreativa y participativa para vecinos y visitantes.<\/p>\n\n\n\n<p>La iniciativa se consolida como <strong>una opci\u00f3n atractiva para planificar una salida<\/strong>, combinar m\u00fasica en vivo, gastronom\u00eda y actividades al aire libre, y disfrutar del centro con una propuesta distinta.<\/p>\n\n\n\n<p>#PeatonalPe\u00f1a #AgendaCultural #FinDeSemana #CulturaLocal #M\u00fasicaEnVivo #Karaoke #Emprendedores<\/p>\n","protected":false},"excerpt":{"rendered":"<p>La peatonal de 25 de Mayo se transforma este fin de semana en un espacio de m\u00fasica, gastronom\u00eda y propuestas culturales con pe\u00f1a folcl\u00f3rica el viernes y karaoke abierto el s\u00e1bado. La ciudad vuelve a sumar propuestas para disfrutar el fin de semana con la \u201cPeatonal Pe\u00f1a\u201d sobre la calle 25 de Mayo, entre G\u00fcemes [&hellip;]<\/p>\n","protected":false},"author":4,"featured_media":147079,"comment_status":"closed","ping_status":"closed","sticky":false,"template":"","format":"standard","meta":{"om_disable_all_campaigns":false,"_jetpack_memberships_contains_paid_content":false,"footnotes":""},"categories":[101,2],"tags":[3655,764,8289,4080,8287,8288,8290],"class_list":["post-147078","post","type-post","status-publish","format-standard","has-post-thumbnail","hentry","category-interes-general-locales","category-locales","tag-actividades-culturales","tag-feria-de-emprendedores","tag-karaoke","tag-musica-en-vivo","tag-peatonal-25-de-mayo","tag-pena-folclorica","tag-propuestas-de-fin-de-semana"],"aioseo_notices":[],"gutentor_comment":0,"jetpack_featured_media_url":"https:\/\/eldiariodesanpedro.com.ar\/sitio\/wp-content\/uploads\/2026\/01\/medida-28.jpg","jetpack_shortlink":"https:\/\/wp.me\/p6RhLt-Cge","jetpack_sharing_enabled":true,"_links":{"self":[{"href":"https:\/\/eldiariodesanpedro.com.ar\/sitio\/wp-json\/wp\/v2\/posts\/147078","targetHints":{"allow":["GET"]}}],"collection":[{"href":"https:\/\/eldiariodesanpedro.com.ar\/sitio\/wp-json\/wp\/v2\/posts"}],"about":[{"href":"https:\/\/eldiariodesanpedro.com.ar\/sitio\/wp-json\/wp\/v2\/types\/post"}],"author":[{"embeddable":true,"href":"https:\/\/eldiariodesanpedro.com.ar\/sitio\/wp-json\/wp\/v2\/users\/4"}],"replies":[{"embeddable":true,"href":"https:\/\/eldiariodesanpedro.com.ar\/sitio\/wp-json\/wp\/v2\/comments?post=147078"}],"version-history":[{"count":1,"href":"https:\/\/eldiariodesanpedro.com.ar\/sitio\/wp-json\/wp\/v2\/posts\/147078\/revisions"}],"predecessor-version":[{"id":147080,"href":"https:\/\/eldiariodesanpedro.com.ar\/sitio\/wp-json\/wp\/v2\/posts\/147078\/revisions\/147080"}],"wp:featuredmedia":[{"embeddable":true,"href":"https:\/\/eldiariodesanpedro.com.ar\/sitio\/wp-json\/wp\/v2\/media\/147079"}],"wp:attachment":[{"href":"https:\/\/eldiariodesanpedro.com.ar\/sitio\/wp-json\/wp\/v2\/media?parent=147078"}],"wp:term":[{"taxonomy":"category","embeddable":true,"href":"https:\/\/eldiariodesanpedro.com.ar\/sitio\/wp-json\/wp\/v2\/categories?post=147078"},{"taxonomy":"post_tag","embeddable":true,"href":"https:\/\/eldiariodesanpedro.com.ar\/sitio\/wp-json\/wp\/v2\/tags?post=147078"}],"curies":[{"name":"wp","href":"https:\/\/api.w.org\/{rel}","templated":true}]}}