{"id":147065,"date":"2026-01-14T14:36:24","date_gmt":"2026-01-14T17:36:24","guid":{"rendered":"https:\/\/eldiariodesanpedro.com.ar\/sitio\/?p=147065"},"modified":"2026-01-14T14:36:31","modified_gmt":"2026-01-14T17:36:31","slug":"un-hombre-fue-aprehendido-tras-amenazar-con-un-arma-blanca-en-la-guardia-de-un-hospital","status":"publish","type":"post","link":"https:\/\/eldiariodesanpedro.com.ar\/sitio\/un-hombre-fue-aprehendido-tras-amenazar-con-un-arma-blanca-en-la-guardia-de-un-hospital\/","title":{"rendered":"Un hombre fue aprehendido tras amenazar con un arma blanca en la guardia de un hospital"},"content":{"rendered":"<!-- VideographyWP Plugin Message: Automatic video embedding prevented by plugin options. -->\n\n<p>El episodio ocurri\u00f3 en la guardia del hospital local, donde el agresor profiri\u00f3 amenazas mientras empu\u00f1aba un elemento punzocortante.<\/p>\n\n\n\n<p>Personal policial <strong>aprehendi\u00f3 a un hombre mayor de edad<\/strong> tras un <strong>violento conflicto registrado en la guardia del Hospital Municipal Dr. Emilio Ruffa<\/strong>. El procedimiento se concret\u00f3 <strong>en presencia del personal de salud<\/strong>, luego de que el individuo <strong>amenazara verbalmente a una mujer mayor de edad mientras empu\u00f1aba un arma blanca<\/strong>.<\/p>\n\n\n\n<p>Seg\u00fan se inform\u00f3, el <strong>enfrentamiento ser\u00eda de vieja data<\/strong>, lo que deriv\u00f3 en una <strong>intervenci\u00f3n inmediata de las fuerzas de seguridad<\/strong> para resguardar la integridad de la v\u00edctima y del personal del nosocomio. Durante el operativo, se procedi\u00f3 al <strong>secuestro del elemento punzocortante<\/strong>, quedando el agresor <strong>a disposici\u00f3n de la Justicia<\/strong>.<\/p>\n\n\n\n<p>La situaci\u00f3n gener\u00f3 preocupaci\u00f3n entre pacientes y trabajadores del hospital, aunque <strong>no se registraron personas lesionadas<\/strong>. La investigaci\u00f3n contin\u00faa para determinar las responsabilidades y el contexto del hecho.<\/p>\n\n\n\n<p>Policiales #Aprehensi\u00f3n #ArmaBlanca #Hospital #Seguridad<\/p>\n","protected":false},"excerpt":{"rendered":"<p>El episodio ocurri\u00f3 en la guardia del hospital local, donde el agresor profiri\u00f3 amenazas mientras empu\u00f1aba un elemento punzocortante. Personal policial aprehendi\u00f3 a un hombre mayor de edad tras un violento conflicto registrado en la guardia del Hospital Municipal Dr. Emilio Ruffa. El procedimiento se concret\u00f3 en presencia del personal de salud, luego de que [&hellip;]<\/p>\n","protected":false},"author":4,"featured_media":147066,"comment_status":"closed","ping_status":"closed","sticky":false,"template":"","format":"standard","meta":{"om_disable_all_campaigns":false,"_jetpack_memberships_contains_paid_content":false,"footnotes":""},"categories":[2,103],"tags":[778,845,918,8282,8070,3694],"class_list":["post-147065","post","type-post","status-publish","format-standard","has-post-thumbnail","hentry","category-locales","category-policiales-locales","tag-amenazas","tag-aprehendido","tag-arma-blanca","tag-conflicto-previo","tag-guardia-hospitalaria","tag-intervencion-policial"],"aioseo_notices":[],"gutentor_comment":0,"jetpack_featured_media_url":"https:\/\/eldiariodesanpedro.com.ar\/sitio\/wp-content\/uploads\/2026\/01\/medida-26.jpg","jetpack_shortlink":"https:\/\/wp.me\/p6RhLt-Cg1","jetpack_sharing_enabled":true,"_links":{"self":[{"href":"https:\/\/eldiariodesanpedro.com.ar\/sitio\/wp-json\/wp\/v2\/posts\/147065","targetHints":{"allow":["GET"]}}],"collection":[{"href":"https:\/\/eldiariodesanpedro.com.ar\/sitio\/wp-json\/wp\/v2\/posts"}],"about":[{"href":"https:\/\/eldiariodesanpedro.com.ar\/sitio\/wp-json\/wp\/v2\/types\/post"}],"author":[{"embeddable":true,"href":"https:\/\/eldiariodesanpedro.com.ar\/sitio\/wp-json\/wp\/v2\/users\/4"}],"replies":[{"embeddable":true,"href":"https:\/\/eldiariodesanpedro.com.ar\/sitio\/wp-json\/wp\/v2\/comments?post=147065"}],"version-history":[{"count":1,"href":"https:\/\/eldiariodesanpedro.com.ar\/sitio\/wp-json\/wp\/v2\/posts\/147065\/revisions"}],"predecessor-version":[{"id":147067,"href":"https:\/\/eldiariodesanpedro.com.ar\/sitio\/wp-json\/wp\/v2\/posts\/147065\/revisions\/147067"}],"wp:featuredmedia":[{"embeddable":true,"href":"https:\/\/eldiariodesanpedro.com.ar\/sitio\/wp-json\/wp\/v2\/media\/147066"}],"wp:attachment":[{"href":"https:\/\/eldiariodesanpedro.com.ar\/sitio\/wp-json\/wp\/v2\/media?parent=147065"}],"wp:term":[{"taxonomy":"category","embeddable":true,"href":"https:\/\/eldiariodesanpedro.com.ar\/sitio\/wp-json\/wp\/v2\/categories?post=147065"},{"taxonomy":"post_tag","embeddable":true,"href":"https:\/\/eldiariodesanpedro.com.ar\/sitio\/wp-json\/wp\/v2\/tags?post=147065"}],"curies":[{"name":"wp","href":"https:\/\/api.w.org\/{rel}","templated":true}]}}