{"id":14704,"date":"2017-02-14T21:12:08","date_gmt":"2017-02-15T00:12:08","guid":{"rendered":"https:\/\/eldiariodesanpedro.com.ar\/sitio\/?p=14704"},"modified":"2026-01-24T00:31:03","modified_gmt":"2026-01-24T03:31:03","slug":"yachting-cuatro-sampedrinos-campeones-en-mar-del-plata","status":"publish","type":"post","link":"https:\/\/eldiariodesanpedro.com.ar\/sitio\/yachting-cuatro-sampedrinos-campeones-en-mar-del-plata\/","title":{"rendered":"YACHTING: Cuatro sampedrinos campeones en Mar del Plata"},"content":{"rendered":"<p><!-- VideographyWP Plugin Message: Automatic video embedding prevented by plugin options. --><br \/>\nPaz, Luppi, Alsogaray y Peralta se consagraron campeones en la 52\u00ba Semana Internacional de Yachting llevado a cabo en la costa argentina.<\/p>\n<p>Los cuatro representantes que participaron de la Semana Internacional de Yachting en Mar del Plata se quedaron con el primer puesto.  <\/p>\n<p>La 52\u00ba Semana Internacional de Yachting culmin\u00f3 y dej\u00f3 a cuatro de los representantes de nuestra ciudad en sus respectivas categor\u00edas.<\/p>\n<p>Francina Paz, quien fue destacada por los medios marplatenses por su actuaci\u00f3n, gan\u00f3 la categor\u00eda Optimist Principiantes, imponi\u00e9ndose en ocho de las nueve regatas que se disputaron.<\/p>\n<p>Ivan Luppi, hizo lo propio en la categor\u00eda Laser 4.7 y culmin\u00f3 primero. Julio Alsogaray, tambi\u00e9n logr\u00f3 el primer puesto como Timonel, acompa\u00f1ado Agust\u00edn Ferrario en la categor\u00eda F18.<\/p>\n<p> Por su parte, Fausto Peralta, en dupla con Mart\u00edn Arroyo Verdi (ambos del Yacht Club Argentino, como Alsogaray) sacaron ventaja de 4 puntos sobre Mart\u00edn Cloos y Juan Ignacio Queirel, del Yacht Club Olivos.<\/p>\n<p>La 52\u00ba Semana Internacional de Yachting se disput\u00f3 del 4 al 11 de febrero en la ciudad de Mar del Plata organizada por los clubes Yacht Club Argentino y N\u00e1utico Mar del Plata.<\/p>\n<p>La 52\u00aa Semana Internacional del Yachting, es uno de los eventos n\u00e1uticos m\u00e1s importantes del calendario nacional y que en esta oportunidad tuvo m\u00e1s de 400 embarcaciones con cerca de 560 navegantes los que compitieron en 14 categor\u00edas (Optimist Principiantes, Optimist Timoneles, Laser Standard, Laser Radial, Laser 4,7, Cadet, 420, 29er, Moth, F18, Snipe, Kiteboarding, 2.4mr y WASZP), distribuidos en cinco canchas entre Cabo Corrientes y el sur del Puerto. Un espect\u00e1culo que le puso color a las playas marplatenses.<\/p>\n<p>La ciudad fue declarada como Centro de Entrenamiento de Alto Rendimiento para las Clases Ol\u00edmpicas por la Federaci\u00f3n Internacional de la Vela (World Sailing), el equivalente de la FIFA pero de la n\u00e1utica. Este nombramiento convierte a Mar del Plata en la \u00fanica ciudad de Am\u00e9rica del Sur en recibir esta distinci\u00f3n. Pero no s\u00f3lo eso, sino que el Club N\u00e1utico Mar del Plata fue la base de este Centro, pues cuenta con las instalaciones necesarias que cumplen con los requisitos de infraestructura requeridos por las organizaciones internacionales (base n\u00e1utica, gimnasio, pileta, alojamiento, aulas, etc\u00e9tera).<\/p>\n<div data-carousel-extra='{&quot;blog_id&quot;:1,&quot;permalink&quot;:&quot;https:\/\/eldiariodesanpedro.com.ar\/sitio\/yachting-cuatro-sampedrinos-campeones-en-mar-del-plata\/&quot;}' id='gallery-1' class='gallery galleryid-14704 gallery-columns-3 gallery-size-large'><figure class='gallery-item'>\n\t\t\t<div class='gallery-icon landscape'>\n\t\t\t\t<a href='https:\/\/eldiariodesanpedro.com.ar\/sitio\/yachting-cuatro-sampedrinos-campeones-en-mar-del-plata\/imponente-postal-en-el-mar-argentino\/'><img decoding=\"async\" width=\"640\" height=\"426\" data-src=\"https:\/\/eldiariodesanpedro.com.ar\/sitio\/wp-content\/uploads\/2017\/02\/Imponente-postal-en-el-mar-argentino.jpg\" class=\"attachment-large size-large lazyload\" alt=\"El Diario de San Pedro | Noticias locales y regionales\" data-srcset=\"https:\/\/eldiariodesanpedro.com.ar\/sitio\/wp-content\/uploads\/2017\/02\/Imponente-postal-en-el-mar-argentino.jpg 960w, https:\/\/eldiariodesanpedro.com.ar\/sitio\/wp-content\/uploads\/2017\/02\/Imponente-postal-en-el-mar-argentino-300x200.jpg 300w, https:\/\/eldiariodesanpedro.com.ar\/sitio\/wp-content\/uploads\/2017\/02\/Imponente-postal-en-el-mar-argentino-768x511.jpg 768w\" data-sizes=\"(max-width: 640px) 100vw, 640px\" data-attachment-id=\"14707\" data-permalink=\"https:\/\/eldiariodesanpedro.com.ar\/sitio\/yachting-cuatro-sampedrinos-campeones-en-mar-del-plata\/imponente-postal-en-el-mar-argentino\/\" data-orig-file=\"https:\/\/eldiariodesanpedro.com.ar\/sitio\/wp-content\/uploads\/2017\/02\/Imponente-postal-en-el-mar-argentino.jpg\" data-orig-size=\"960,639\" data-comments-opened=\"1\" data-image-meta=\"{&quot;aperture&quot;:&quot;0&quot;,&quot;credit&quot;:&quot;Matias Capizzano&quot;,&quot;camera&quot;:&quot;&quot;,&quot;caption&quot;:&quot;&quot;,&quot;created_timestamp&quot;:&quot;0&quot;,&quot;copyright&quot;:&quot;\\u00a9Rolex\/Matias Capizzano&quot;,&quot;focal_length&quot;:&quot;0&quot;,&quot;iso&quot;:&quot;0&quot;,&quot;shutter_speed&quot;:&quot;0&quot;,&quot;title&quot;:&quot;&quot;,&quot;orientation&quot;:&quot;0&quot;}\" data-image-title=\"Imponente postal en el mar argentino\" data-image-description=\"\" data-image-caption=\"\" data-large-file=\"https:\/\/eldiariodesanpedro.com.ar\/sitio\/wp-content\/uploads\/2017\/02\/Imponente-postal-en-el-mar-argentino.jpg\" src=\"data:image\/svg+xml;base64,PHN2ZyB3aWR0aD0iMSIgaGVpZ2h0PSIxIiB4bWxucz0iaHR0cDovL3d3dy53My5vcmcvMjAwMC9zdmciPjwvc3ZnPg==\" style=\"--smush-placeholder-width: 640px; --smush-placeholder-aspect-ratio: 640\/426;\" \/><\/a>\n\t\t\t<\/div><\/figure><figure class='gallery-item'>\n\t\t\t<div class='gallery-icon landscape'>\n\t\t\t\t<a href='https:\/\/eldiariodesanpedro.com.ar\/sitio\/yachting-cuatro-sampedrinos-campeones-en-mar-del-plata\/alsogaray-ferrario-dupla-ganadora\/'><img decoding=\"async\" width=\"640\" height=\"426\" data-src=\"https:\/\/eldiariodesanpedro.com.ar\/sitio\/wp-content\/uploads\/2017\/02\/Alsogaray-Ferrario-dupla-ganadora.jpg\" class=\"attachment-large size-large lazyload\" alt=\"El Diario de San Pedro | Noticias locales y regionales\" data-srcset=\"https:\/\/eldiariodesanpedro.com.ar\/sitio\/wp-content\/uploads\/2017\/02\/Alsogaray-Ferrario-dupla-ganadora.jpg 960w, https:\/\/eldiariodesanpedro.com.ar\/sitio\/wp-content\/uploads\/2017\/02\/Alsogaray-Ferrario-dupla-ganadora-300x200.jpg 300w, https:\/\/eldiariodesanpedro.com.ar\/sitio\/wp-content\/uploads\/2017\/02\/Alsogaray-Ferrario-dupla-ganadora-768x511.jpg 768w\" data-sizes=\"(max-width: 640px) 100vw, 640px\" data-attachment-id=\"14705\" data-permalink=\"https:\/\/eldiariodesanpedro.com.ar\/sitio\/yachting-cuatro-sampedrinos-campeones-en-mar-del-plata\/alsogaray-ferrario-dupla-ganadora\/\" data-orig-file=\"https:\/\/eldiariodesanpedro.com.ar\/sitio\/wp-content\/uploads\/2017\/02\/Alsogaray-Ferrario-dupla-ganadora.jpg\" data-orig-size=\"960,639\" data-comments-opened=\"1\" data-image-meta=\"{&quot;aperture&quot;:&quot;0&quot;,&quot;credit&quot;:&quot;Matias Capizzano&quot;,&quot;camera&quot;:&quot;&quot;,&quot;caption&quot;:&quot;&quot;,&quot;created_timestamp&quot;:&quot;0&quot;,&quot;copyright&quot;:&quot;\\u00a9Rolex\/Matias Capizzano&quot;,&quot;focal_length&quot;:&quot;0&quot;,&quot;iso&quot;:&quot;0&quot;,&quot;shutter_speed&quot;:&quot;0&quot;,&quot;title&quot;:&quot;&quot;,&quot;orientation&quot;:&quot;0&quot;}\" data-image-title=\"Alsogaray-Ferrario, dupla ganadora\" data-image-description=\"\" data-image-caption=\"\" data-large-file=\"https:\/\/eldiariodesanpedro.com.ar\/sitio\/wp-content\/uploads\/2017\/02\/Alsogaray-Ferrario-dupla-ganadora.jpg\" src=\"data:image\/svg+xml;base64,PHN2ZyB3aWR0aD0iMSIgaGVpZ2h0PSIxIiB4bWxucz0iaHR0cDovL3d3dy53My5vcmcvMjAwMC9zdmciPjwvc3ZnPg==\" style=\"--smush-placeholder-width: 640px; --smush-placeholder-aspect-ratio: 640\/426;\" \/><\/a>\n\t\t\t<\/div><\/figure><figure class='gallery-item'>\n\t\t\t<div class='gallery-icon landscape'>\n\t\t\t\t<a href='https:\/\/eldiariodesanpedro.com.ar\/sitio\/yachting-cuatro-sampedrinos-campeones-en-mar-del-plata\/la-premiacion-en-mar-del-plata\/'><img decoding=\"async\" width=\"640\" height=\"426\" data-src=\"https:\/\/eldiariodesanpedro.com.ar\/sitio\/wp-content\/uploads\/2017\/02\/La-premiaci\u00f3n-en-Mar-del-Plata.jpg\" class=\"attachment-large size-large lazyload\" alt=\"El Diario de San Pedro | Noticias locales y regionales\" data-srcset=\"https:\/\/eldiariodesanpedro.com.ar\/sitio\/wp-content\/uploads\/2017\/02\/La-premiaci\u00f3n-en-Mar-del-Plata.jpg 960w, https:\/\/eldiariodesanpedro.com.ar\/sitio\/wp-content\/uploads\/2017\/02\/La-premiaci\u00f3n-en-Mar-del-Plata-300x200.jpg 300w, https:\/\/eldiariodesanpedro.com.ar\/sitio\/wp-content\/uploads\/2017\/02\/La-premiaci\u00f3n-en-Mar-del-Plata-768x511.jpg 768w\" data-sizes=\"(max-width: 640px) 100vw, 640px\" data-attachment-id=\"14708\" data-permalink=\"https:\/\/eldiariodesanpedro.com.ar\/sitio\/yachting-cuatro-sampedrinos-campeones-en-mar-del-plata\/la-premiacion-en-mar-del-plata\/\" data-orig-file=\"https:\/\/eldiariodesanpedro.com.ar\/sitio\/wp-content\/uploads\/2017\/02\/La-premiaci\u00f3n-en-Mar-del-Plata.jpg\" data-orig-size=\"960,639\" data-comments-opened=\"1\" data-image-meta=\"{&quot;aperture&quot;:&quot;0&quot;,&quot;credit&quot;:&quot;Matias Capizzano&quot;,&quot;camera&quot;:&quot;&quot;,&quot;caption&quot;:&quot;&quot;,&quot;created_timestamp&quot;:&quot;0&quot;,&quot;copyright&quot;:&quot;\\u00a9Rolex\/Matias Capizzano&quot;,&quot;focal_length&quot;:&quot;0&quot;,&quot;iso&quot;:&quot;0&quot;,&quot;shutter_speed&quot;:&quot;0&quot;,&quot;title&quot;:&quot;&quot;,&quot;orientation&quot;:&quot;0&quot;}\" data-image-title=\"La premiaci\u00f3n en Mar del Plata\" data-image-description=\"\" data-image-caption=\"\" data-large-file=\"https:\/\/eldiariodesanpedro.com.ar\/sitio\/wp-content\/uploads\/2017\/02\/La-premiaci\u00f3n-en-Mar-del-Plata.jpg\" src=\"data:image\/svg+xml;base64,PHN2ZyB3aWR0aD0iMSIgaGVpZ2h0PSIxIiB4bWxucz0iaHR0cDovL3d3dy53My5vcmcvMjAwMC9zdmciPjwvc3ZnPg==\" style=\"--smush-placeholder-width: 640px; --smush-placeholder-aspect-ratio: 640\/426;\" \/><\/a>\n\t\t\t<\/div><\/figure>\n\t\t<\/div>\n\n","protected":false},"excerpt":{"rendered":"<p>Paz, Luppi, Alsogaray y Peralta se consagraron campeones en la 52\u00ba Semana Internacional de Yachting llevado a cabo en la costa argentina. Los cuatro representantes que participaron de la Semana Internacional de Yachting en Mar del Plata se quedaron con el primer puesto. La 52\u00ba Semana Internacional de Yachting culmin\u00f3 y dej\u00f3 a cuatro de [&hellip;]<\/p>\n","protected":false},"author":4,"featured_media":14705,"comment_status":"open","ping_status":"closed","sticky":false,"template":"","format":"standard","meta":{"om_disable_all_campaigns":false,"_jetpack_memberships_contains_paid_content":false,"footnotes":""},"categories":[5],"tags":[],"class_list":["post-14704","post","type-post","status-publish","format-standard","has-post-thumbnail","hentry","category-deportes"],"aioseo_notices":[],"gutentor_comment":0,"jetpack_featured_media_url":"https:\/\/eldiariodesanpedro.com.ar\/sitio\/wp-content\/uploads\/2017\/02\/Alsogaray-Ferrario-dupla-ganadora.jpg","jetpack_shortlink":"https:\/\/wp.me\/p6RhLt-3Pa","jetpack_sharing_enabled":true,"_links":{"self":[{"href":"https:\/\/eldiariodesanpedro.com.ar\/sitio\/wp-json\/wp\/v2\/posts\/14704","targetHints":{"allow":["GET"]}}],"collection":[{"href":"https:\/\/eldiariodesanpedro.com.ar\/sitio\/wp-json\/wp\/v2\/posts"}],"about":[{"href":"https:\/\/eldiariodesanpedro.com.ar\/sitio\/wp-json\/wp\/v2\/types\/post"}],"author":[{"embeddable":true,"href":"https:\/\/eldiariodesanpedro.com.ar\/sitio\/wp-json\/wp\/v2\/users\/4"}],"replies":[{"embeddable":true,"href":"https:\/\/eldiariodesanpedro.com.ar\/sitio\/wp-json\/wp\/v2\/comments?post=14704"}],"version-history":[{"count":2,"href":"https:\/\/eldiariodesanpedro.com.ar\/sitio\/wp-json\/wp\/v2\/posts\/14704\/revisions"}],"predecessor-version":[{"id":14711,"href":"https:\/\/eldiariodesanpedro.com.ar\/sitio\/wp-json\/wp\/v2\/posts\/14704\/revisions\/14711"}],"wp:featuredmedia":[{"embeddable":true,"href":"https:\/\/eldiariodesanpedro.com.ar\/sitio\/wp-json\/wp\/v2\/media\/14705"}],"wp:attachment":[{"href":"https:\/\/eldiariodesanpedro.com.ar\/sitio\/wp-json\/wp\/v2\/media?parent=14704"}],"wp:term":[{"taxonomy":"category","embeddable":true,"href":"https:\/\/eldiariodesanpedro.com.ar\/sitio\/wp-json\/wp\/v2\/categories?post=14704"},{"taxonomy":"post_tag","embeddable":true,"href":"https:\/\/eldiariodesanpedro.com.ar\/sitio\/wp-json\/wp\/v2\/tags?post=14704"}],"curies":[{"name":"wp","href":"https:\/\/api.w.org\/{rel}","templated":true}]}}