{"id":147012,"date":"2026-01-13T14:48:44","date_gmt":"2026-01-13T17:48:44","guid":{"rendered":"https:\/\/eldiariodesanpedro.com.ar\/sitio\/?p=147012"},"modified":"2026-01-13T14:48:49","modified_gmt":"2026-01-13T17:48:49","slug":"un-hombre-fue-aprehendido-por-agredir-a-su-ex-pareja-tras-una-discusion","status":"publish","type":"post","link":"https:\/\/eldiariodesanpedro.com.ar\/sitio\/un-hombre-fue-aprehendido-por-agredir-a-su-ex-pareja-tras-una-discusion\/","title":{"rendered":"Un hombre fue aprehendido por agredir a su ex pareja tras una discusi\u00f3n"},"content":{"rendered":"<!-- VideographyWP Plugin Message: Automatic video embedding prevented by plugin options. -->\n\n<p>El hecho ocurri\u00f3 durante la noche del martes, cuando personal policial intervino en un domicilio tras una alerta por un episodio de violencia de g\u00e9nero.<\/p>\n\n\n\n<p>En la <strong>noche de ayer<\/strong>, efectivos de la <strong>Estaci\u00f3n de Polic\u00eda Comunal<\/strong> intervinieron tras una alerta emitida por la <strong>Comisar\u00eda de la Mujer<\/strong>, a ra\u00edz de un <strong>episodio de violencia de g\u00e9nero<\/strong> registrado en una vivienda ubicada sobre <strong>avenida 3 de Febrero al 3200<\/strong>.<\/p>\n\n\n\n<p>Seg\u00fan la informaci\u00f3n oficial, un <strong>hombre de 40 a\u00f1os<\/strong> fue <strong>aprehendido<\/strong> luego de mantener una <strong>discusi\u00f3n con su ex pareja, de 39 a\u00f1os<\/strong>, a quien <strong>agredi\u00f3 f\u00edsicamente<\/strong>. Ante esta situaci\u00f3n, la mujer fue <strong>trasladada a la Comisar\u00eda de la Mujer y la Familia<\/strong>, donde <strong>recibi\u00f3 asistencia<\/strong> y se le <strong>tom\u00f3 declaraci\u00f3n<\/strong> conforme al protocolo vigente.<\/p>\n\n\n\n<p>En tanto, el agresor fue derivado a la <strong>dependencia policial<\/strong>, donde qued\u00f3 <strong>imputado por el delito de lesiones leves<\/strong> y <strong>puesto a disposici\u00f3n de la Justicia<\/strong>, que contin\u00faa con la <strong>investigaci\u00f3n del caso<\/strong> para determinar las circunstancias del hecho.<\/p>\n\n\n\n<p>#ViolenciaDeG\u00e9nero #Policiales #Aprehendido #LesionesLeves #Intervenci\u00f3nPolicial<\/p>\n","protected":false},"excerpt":{"rendered":"<p>El hecho ocurri\u00f3 durante la noche del martes, cuando personal policial intervino en un domicilio tras una alerta por un episodio de violencia de g\u00e9nero. En la noche de ayer, efectivos de la Estaci\u00f3n de Polic\u00eda Comunal intervinieron tras una alerta emitida por la Comisar\u00eda de la Mujer, a ra\u00edz de un episodio de violencia [&hellip;]<\/p>\n","protected":false},"author":4,"featured_media":147013,"comment_status":"closed","ping_status":"closed","sticky":false,"template":"","format":"standard","meta":{"om_disable_all_campaigns":false,"_jetpack_memberships_contains_paid_content":false,"footnotes":""},"categories":[2,103],"tags":[6828,6831,8262,3694,3951,2396],"class_list":["post-147012","post","type-post","status-publish","format-standard","has-post-thumbnail","hentry","category-locales","category-policiales-locales","tag-agresion-a-ex-pareja","tag-comisaria-de-la-mujer-2","tag-hombre-aprehendido","tag-intervencion-policial","tag-lesiones-leves","tag-violencia-de-genero-2"],"aioseo_notices":[],"gutentor_comment":0,"jetpack_featured_media_url":"https:\/\/eldiariodesanpedro.com.ar\/sitio\/wp-content\/uploads\/2026\/01\/violencia-de-genero-800x445-1.jpg","jetpack_shortlink":"https:\/\/wp.me\/p6RhLt-Cfa","jetpack_sharing_enabled":true,"_links":{"self":[{"href":"https:\/\/eldiariodesanpedro.com.ar\/sitio\/wp-json\/wp\/v2\/posts\/147012","targetHints":{"allow":["GET"]}}],"collection":[{"href":"https:\/\/eldiariodesanpedro.com.ar\/sitio\/wp-json\/wp\/v2\/posts"}],"about":[{"href":"https:\/\/eldiariodesanpedro.com.ar\/sitio\/wp-json\/wp\/v2\/types\/post"}],"author":[{"embeddable":true,"href":"https:\/\/eldiariodesanpedro.com.ar\/sitio\/wp-json\/wp\/v2\/users\/4"}],"replies":[{"embeddable":true,"href":"https:\/\/eldiariodesanpedro.com.ar\/sitio\/wp-json\/wp\/v2\/comments?post=147012"}],"version-history":[{"count":1,"href":"https:\/\/eldiariodesanpedro.com.ar\/sitio\/wp-json\/wp\/v2\/posts\/147012\/revisions"}],"predecessor-version":[{"id":147014,"href":"https:\/\/eldiariodesanpedro.com.ar\/sitio\/wp-json\/wp\/v2\/posts\/147012\/revisions\/147014"}],"wp:featuredmedia":[{"embeddable":true,"href":"https:\/\/eldiariodesanpedro.com.ar\/sitio\/wp-json\/wp\/v2\/media\/147013"}],"wp:attachment":[{"href":"https:\/\/eldiariodesanpedro.com.ar\/sitio\/wp-json\/wp\/v2\/media?parent=147012"}],"wp:term":[{"taxonomy":"category","embeddable":true,"href":"https:\/\/eldiariodesanpedro.com.ar\/sitio\/wp-json\/wp\/v2\/categories?post=147012"},{"taxonomy":"post_tag","embeddable":true,"href":"https:\/\/eldiariodesanpedro.com.ar\/sitio\/wp-json\/wp\/v2\/tags?post=147012"}],"curies":[{"name":"wp","href":"https:\/\/api.w.org\/{rel}","templated":true}]}}