{"id":14698,"date":"2017-02-14T20:38:09","date_gmt":"2017-02-14T23:38:09","guid":{"rendered":"https:\/\/eldiariodesanpedro.com.ar\/sitio\/?p=14698"},"modified":"2017-02-14T20:38:09","modified_gmt":"2017-02-14T23:38:09","slug":"eeuu-rusia-el-gobierno-de-trump-ante-su-primera-crisis","status":"publish","type":"post","link":"https:\/\/eldiariodesanpedro.com.ar\/sitio\/eeuu-rusia-el-gobierno-de-trump-ante-su-primera-crisis\/","title":{"rendered":"EEUU &#8211; RUSIA: El gobierno de Trump, ante su primera crisis"},"content":{"rendered":"<p><!-- VideographyWP Plugin Message: Automatic video embedding prevented by plugin options. --><br \/>\n(AFP-NA) &#8211; El gobierno del presidente Donald Trump buscaba este martes capear el temporal de su primera crisis ante la intempestiva renuncia de su consejero de Seguridad Nacional, en medio a crecientes llamados por una investigaci\u00f3n completa de lo ocurrido.<\/p>\n<p>   En la noche del lunes el general retirado Michael Flynn present\u00f3 su carta de renuncia -que fue aceptada de inmediato- para tratar de apaciguar una espectacular crisis derivada de una conversaci\u00f3n que mantuvo en diciembre pasado con un diplom\u00e1tico ruso.<\/p>\n<p>   El portavoz de la Casa Blanca, Sean Spicer, dijo este lunes que la confianza de Trump en Flynn se hab\u00eda \u00aberosionado al punto que el presidente sinti\u00f3 que deb\u00eda hacer un cambio\u00bb, y por ello \u00abpidi\u00f3 al general Flynn su renuncia\u00bb.<\/p>\n<p>   De acuerdo con Spicer, Trump estaba \u00abmuy preocupado al saber que el general Flynn hab\u00eda ocultado informaci\u00f3n al vicepresidente\u00bb Mike Pence sobre su di\u00e1logo con el diplom\u00e1tico ruso.<\/p>\n<p>   En esa conversaci\u00f3n Flynn convers\u00f3 con el embajador ruso en Washington sobre las sanciones que Washington aplicar\u00eda contra Rusia, pero no inform\u00f3 adecuadamente del tenor del di\u00e1logo a Trump ni a Pence.<\/p>\n<p>   En su carta de renuncia, Flynn apunt\u00f3 que transmiti\u00f3 \u00absin querer al vicepresidente electo y a otros informaci\u00f3n incompleta sobre sus conversaciones telef\u00f3nicas con el embajador de Rusia\u00bb en Washington, Sergei Kislyak.<\/p>\n<p><strong>B\u00fasqueda de una salida<\/strong> <\/p>\n<p>   De inmediato, Trump nombr\u00f3 otro general retirado, Joseph Kellogg, para ocupar interinamente el puesto de consejero de Seguridad Nacional, a\u00f1adi\u00f3 la Casa Blanca.<\/p>\n<p>   Kellogg es uno de los tres favoritos para quedarse de forma definitiva con el cargo.<\/p>\n<p>   Los otros dos son el vicealmirante Robert Harward, un excomandante adjunto del Comando Central estadounidense, y el general retirado David Petraeus, exdirector de la CIA.<\/p>\n<p>   Petraeus hab\u00eda renunciado a la conducci\u00f3n de la CIA luego de un sensacional esc\u00e1ndalo por haber compartido informaci\u00f3n secreta con una amante, una periodista que escrib\u00eda un libro sobre \u00e9l. <\/p>\n<p>Petraeus fue condenado a dos a\u00f1os de libertad condicional, que vencen en abril pr\u00f3ximo.<\/p>\n<p>   Este lunes, el presidente de la C\u00e1mara de Representantes (c\u00e1mara baja del Congreso), Paul Ryan, defendi\u00f3 el pedido de renuncia de Flynn, despu\u00e9s de poco m\u00e1s de tres semanas desde la investidura del nuevo gobierno.<\/p>\n<p>   \u00abNo podemos tener un consejero de Seguridad Nacional que da informaciones incompletas al vicepresidente y a otros. Por eso pienso que el presidente hizo lo correcto al pedirle la renuncia\u00bb, apunt\u00f3.<\/p>\n<p>   Para agravar el cuadro fuentes oficiales dijeron al diario Washington Post que en enero la entonces secretaria interina de Justicia, Sally Yates, hab\u00eda informado a la Casa Blanca sobre el contenido de la conversaci\u00f3n entre Flynn y Kislyak.<\/p>\n<p>   De acuerdo con esas fuentes, Yates alert\u00f3 a funcionarios de la Casa Blanca que la situaci\u00f3n dejaba a Flynn expuesto a chantajes por parte de la inteligencia rusa.<\/p>\n<p><strong>Pedido de investigaci\u00f3n <\/strong><\/p>\n<p>   En este escenario este martes se multiplicaban las presiones para que se realice una investigaci\u00f3n completa sobre el incidente para determinar la responsabilidad de la Casa Blanca.<\/p>\n<p>   Para Nancy Pelosi, l\u00edder de la bancada del Partido Dem\u00f3crata en la C\u00e1mara de Representantes, pidi\u00f3 una investigaci\u00f3n porque \u00ablos estadounidenses merecen saber la extensi\u00f3n de la influencia financiera, pol\u00edtica y personal de Rusia sobre el presidente Trump\u00bb.<\/p>\n<p>   A su vez, el legislador conservador Roy Blunt, integrante de la Comit\u00e9 de Inteligencia en la C\u00e1mara de Representantes, defendi\u00f3 que el comportamiento de Flynn sea investigado \u00abexhaustivamente\u00bb.<\/p>\n<p>   En tanto, el titular de ese comit\u00e9, el legislador Devin Nunes, apunt\u00f3 que era necesario saber porqu\u00e9 agentes de la inteligencia estadounidense interceptaron una llamada telef\u00f3nica de Flynn y luego pasaron la transcripci\u00f3n a la prensa.<\/p>\n<p>   \u00abEspero que el FBI me explique qu\u00e9 est\u00e1 pasando, y espero tambi\u00e9n que tengan una buena respuesta\u00bb, coment\u00f3.<\/p>\n<p>   Para la senadora Dem\u00f3crata Elizabeth Warren (a quien Trump suele llamar ir\u00f3nicamente Pocahontas), lo ocurrido \u00abno es normal. <\/p>\n<p>Trump debe a los estadounidenses un informe completo\u00bb de sus relaciones con Rusia.<\/p>\n<p>   En un mensaje en Twitter, Trump critic\u00f3 este lunes las \u00abfiltraciones ilegales\u00bb de su casa de gobierno.<\/p>\n<p>   \u00abLa verdadera historia ac\u00e1 es porqu\u00e9 hay tantas filtraciones ilegales en Washington. \u00bfEstas filtraciones ocurrir\u00e1n cuando yo tenga que tratar con Corea del Norte?\u00bb, escribi\u00f3 el mandatario.<\/p>\n<p>   Todo el esc\u00e1ndalo que condujo a la ca\u00edda de Flynn y la crisis surgida de esa situaci\u00f3n ocurre en un contexto en que las relaciones de Washington y Mosc\u00fa est\u00e1n en el centro de la pol\u00e9mica.<\/p>\n","protected":false},"excerpt":{"rendered":"<p>(AFP-NA) &#8211; El gobierno del presidente Donald Trump buscaba este martes capear el temporal de su primera crisis ante la intempestiva renuncia de su consejero de Seguridad Nacional, en medio a crecientes llamados por una investigaci\u00f3n completa de lo ocurrido. En la noche del lunes el general retirado Michael Flynn present\u00f3 su carta de renuncia [&hellip;]<\/p>\n","protected":false},"author":4,"featured_media":14699,"comment_status":"open","ping_status":"closed","sticky":false,"template":"","format":"standard","meta":{"om_disable_all_campaigns":false,"_jetpack_memberships_contains_paid_content":false,"footnotes":""},"categories":[2],"tags":[],"class_list":["post-14698","post","type-post","status-publish","format-standard","has-post-thumbnail","hentry","category-locales"],"aioseo_notices":[],"gutentor_comment":0,"jetpack_featured_media_url":"https:\/\/eldiariodesanpedro.com.ar\/sitio\/wp-content\/uploads\/2017\/02\/trump.jpg","jetpack_shortlink":"https:\/\/wp.me\/p6RhLt-3P4","jetpack_sharing_enabled":true,"_links":{"self":[{"href":"https:\/\/eldiariodesanpedro.com.ar\/sitio\/wp-json\/wp\/v2\/posts\/14698","targetHints":{"allow":["GET"]}}],"collection":[{"href":"https:\/\/eldiariodesanpedro.com.ar\/sitio\/wp-json\/wp\/v2\/posts"}],"about":[{"href":"https:\/\/eldiariodesanpedro.com.ar\/sitio\/wp-json\/wp\/v2\/types\/post"}],"author":[{"embeddable":true,"href":"https:\/\/eldiariodesanpedro.com.ar\/sitio\/wp-json\/wp\/v2\/users\/4"}],"replies":[{"embeddable":true,"href":"https:\/\/eldiariodesanpedro.com.ar\/sitio\/wp-json\/wp\/v2\/comments?post=14698"}],"version-history":[{"count":1,"href":"https:\/\/eldiariodesanpedro.com.ar\/sitio\/wp-json\/wp\/v2\/posts\/14698\/revisions"}],"predecessor-version":[{"id":14700,"href":"https:\/\/eldiariodesanpedro.com.ar\/sitio\/wp-json\/wp\/v2\/posts\/14698\/revisions\/14700"}],"wp:featuredmedia":[{"embeddable":true,"href":"https:\/\/eldiariodesanpedro.com.ar\/sitio\/wp-json\/wp\/v2\/media\/14699"}],"wp:attachment":[{"href":"https:\/\/eldiariodesanpedro.com.ar\/sitio\/wp-json\/wp\/v2\/media?parent=14698"}],"wp:term":[{"taxonomy":"category","embeddable":true,"href":"https:\/\/eldiariodesanpedro.com.ar\/sitio\/wp-json\/wp\/v2\/categories?post=14698"},{"taxonomy":"post_tag","embeddable":true,"href":"https:\/\/eldiariodesanpedro.com.ar\/sitio\/wp-json\/wp\/v2\/tags?post=14698"}],"curies":[{"name":"wp","href":"https:\/\/api.w.org\/{rel}","templated":true}]}}