{"id":146965,"date":"2026-01-12T13:48:47","date_gmt":"2026-01-12T16:48:47","guid":{"rendered":"https:\/\/eldiariodesanpedro.com.ar\/sitio\/?p=146965"},"modified":"2026-01-12T13:48:53","modified_gmt":"2026-01-12T16:48:53","slug":"edicto-de-transferencia-de-local-en-baradero","status":"publish","type":"post","link":"https:\/\/eldiariodesanpedro.com.ar\/sitio\/edicto-de-transferencia-de-local-en-baradero\/","title":{"rendered":"Edicto de transferencia de local en Baradero"},"content":{"rendered":"<!-- VideographyWP Plugin Message: Automatic video embedding prevented by plugin options. -->\n\n<p>La habilitaci\u00f3n municipal N\u00b0 5578 a nombre de Mamani Marquez Bernardina de CUIT 27-94717515-2 domiciliada en calle Emilio Genoud 1445 de la ciudad de Baradero transfiere el local comercial a favor del Sra. Acchura Veronica Valeria de CUIT 27-37678324-9 domiciliada en calle Colombres 911 de la misma ciudad<\/p>\n\n\n\n<p>(Publicaci\u00f3n v\u00e1lida para los d\u00edas 12, 13 y 14 de enero de 2026)<\/p>\n","protected":false},"excerpt":{"rendered":"<p>La habilitaci\u00f3n municipal N\u00b0 5578 a nombre de Mamani Marquez Bernardina de CUIT 27-94717515-2 domiciliada en calle Emilio Genoud 1445 de la ciudad de Baradero transfiere el local comercial a favor del Sra. Acchura Veronica Valeria de CUIT 27-37678324-9 domiciliada en calle Colombres 911 de la misma ciudad (Publicaci\u00f3n v\u00e1lida para los d\u00edas 12, 13 [&hellip;]<\/p>\n","protected":false},"author":4,"featured_media":102746,"comment_status":"closed","ping_status":"closed","sticky":false,"template":"","format":"standard","meta":{"om_disable_all_campaigns":false,"_jetpack_memberships_contains_paid_content":false,"footnotes":""},"categories":[676,1124],"tags":[2082,8250],"class_list":["post-146965","post","type-post","status-publish","format-standard","has-post-thumbnail","hentry","category-edictos","category-edictos-especiales","tag-edicto-de-transferencia","tag-mamani-marquez-bernardina"],"aioseo_notices":[],"gutentor_comment":0,"jetpack_featured_media_url":"https:\/\/eldiariodesanpedro.com.ar\/sitio\/wp-content\/uploads\/2022\/01\/EDICTO.jpg","jetpack_shortlink":"https:\/\/wp.me\/p6RhLt-Cep","jetpack_sharing_enabled":true,"_links":{"self":[{"href":"https:\/\/eldiariodesanpedro.com.ar\/sitio\/wp-json\/wp\/v2\/posts\/146965","targetHints":{"allow":["GET"]}}],"collection":[{"href":"https:\/\/eldiariodesanpedro.com.ar\/sitio\/wp-json\/wp\/v2\/posts"}],"about":[{"href":"https:\/\/eldiariodesanpedro.com.ar\/sitio\/wp-json\/wp\/v2\/types\/post"}],"author":[{"embeddable":true,"href":"https:\/\/eldiariodesanpedro.com.ar\/sitio\/wp-json\/wp\/v2\/users\/4"}],"replies":[{"embeddable":true,"href":"https:\/\/eldiariodesanpedro.com.ar\/sitio\/wp-json\/wp\/v2\/comments?post=146965"}],"version-history":[{"count":2,"href":"https:\/\/eldiariodesanpedro.com.ar\/sitio\/wp-json\/wp\/v2\/posts\/146965\/revisions"}],"predecessor-version":[{"id":146967,"href":"https:\/\/eldiariodesanpedro.com.ar\/sitio\/wp-json\/wp\/v2\/posts\/146965\/revisions\/146967"}],"wp:featuredmedia":[{"embeddable":true,"href":"https:\/\/eldiariodesanpedro.com.ar\/sitio\/wp-json\/wp\/v2\/media\/102746"}],"wp:attachment":[{"href":"https:\/\/eldiariodesanpedro.com.ar\/sitio\/wp-json\/wp\/v2\/media?parent=146965"}],"wp:term":[{"taxonomy":"category","embeddable":true,"href":"https:\/\/eldiariodesanpedro.com.ar\/sitio\/wp-json\/wp\/v2\/categories?post=146965"},{"taxonomy":"post_tag","embeddable":true,"href":"https:\/\/eldiariodesanpedro.com.ar\/sitio\/wp-json\/wp\/v2\/tags?post=146965"}],"curies":[{"name":"wp","href":"https:\/\/api.w.org\/{rel}","templated":true}]}}