{"id":146958,"date":"2026-01-12T12:30:02","date_gmt":"2026-01-12T15:30:02","guid":{"rendered":"https:\/\/eldiariodesanpedro.com.ar\/sitio\/?p=146958"},"modified":"2026-01-24T00:46:37","modified_gmt":"2026-01-24T03:46:37","slug":"fallecio-nilda-zulema-gomez-a-los-95-anos","status":"publish","type":"post","link":"https:\/\/eldiariodesanpedro.com.ar\/sitio\/fallecio-nilda-zulema-gomez-a-los-95-anos\/","title":{"rendered":"Falleci\u00f3 Nilda Zulema G\u00f3mez a los 95 a\u00f1os"},"content":{"rendered":"<!-- VideographyWP Plugin Message: Automatic video embedding prevented by plugin options. -->\n\n<p>Profundo pesar por el fallecimiento de <strong>Nilda Zulema G\u00f3mez<\/strong>, ocurrido a los <strong>95 a\u00f1os<\/strong>; sus restos son velados y recibir\u00e1n sepultura este martes.<\/p>\n\n\n\n<p>Con <strong>profundo pesar<\/strong>, se informa el <strong>fallecimiento de Nilda Zulema G\u00f3mez<\/strong>, quien <strong>muri\u00f3 a los 95 a\u00f1os<\/strong>. Sus restos son <strong>velados en la Sala N\u00b0 4<\/strong>, con <strong>servicio hasta las 20:00 horas del lunes 12 de enero de 2026<\/strong>.<\/p>\n\n\n\n<p>El <strong>sepelio<\/strong> se realizar\u00e1 el <strong>martes 13 de enero de 2026 a las 9:00 horas<\/strong>. El servicio est\u00e1 a cargo de <strong>Coopser Servicios Sociales<\/strong>, con sede en <strong>3 de Febrero 1475<\/strong>.<\/p>\n\n\n\n<p>Familiares, amigos y allegados acompa\u00f1an este momento de <strong>dolor y despedida<\/strong>, elevando una oraci\u00f3n por su eterno descanso.<\/p>\n","protected":false},"excerpt":{"rendered":"<p>Profundo pesar por el fallecimiento de Nilda Zulema G\u00f3mez, ocurrido a los 95 a\u00f1os; sus restos son velados y recibir\u00e1n sepultura este martes. Con profundo pesar, se informa el fallecimiento de Nilda Zulema G\u00f3mez, quien muri\u00f3 a los 95 a\u00f1os. Sus restos son velados en la Sala N\u00b0 4, con servicio hasta las 20:00 horas [&hellip;]<\/p>\n","protected":false},"author":4,"featured_media":113757,"comment_status":"closed","ping_status":"closed","sticky":false,"template":"","format":"standard","meta":{"om_disable_all_campaigns":false,"_jetpack_memberships_contains_paid_content":false,"footnotes":""},"categories":[8424],"tags":[8247],"class_list":["post-146958","post","type-post","status-publish","format-standard","has-post-thumbnail","hentry","category-necrologicas","tag-nilda-zulema-gomez"],"aioseo_notices":[],"gutentor_comment":0,"jetpack_featured_media_url":"https:\/\/eldiariodesanpedro.com.ar\/sitio\/wp-content\/uploads\/2023\/01\/necrologicas.jpg","jetpack_shortlink":"https:\/\/wp.me\/p6RhLt-Cei","jetpack_sharing_enabled":true,"_links":{"self":[{"href":"https:\/\/eldiariodesanpedro.com.ar\/sitio\/wp-json\/wp\/v2\/posts\/146958","targetHints":{"allow":["GET"]}}],"collection":[{"href":"https:\/\/eldiariodesanpedro.com.ar\/sitio\/wp-json\/wp\/v2\/posts"}],"about":[{"href":"https:\/\/eldiariodesanpedro.com.ar\/sitio\/wp-json\/wp\/v2\/types\/post"}],"author":[{"embeddable":true,"href":"https:\/\/eldiariodesanpedro.com.ar\/sitio\/wp-json\/wp\/v2\/users\/4"}],"replies":[{"embeddable":true,"href":"https:\/\/eldiariodesanpedro.com.ar\/sitio\/wp-json\/wp\/v2\/comments?post=146958"}],"version-history":[{"count":1,"href":"https:\/\/eldiariodesanpedro.com.ar\/sitio\/wp-json\/wp\/v2\/posts\/146958\/revisions"}],"predecessor-version":[{"id":146959,"href":"https:\/\/eldiariodesanpedro.com.ar\/sitio\/wp-json\/wp\/v2\/posts\/146958\/revisions\/146959"}],"wp:featuredmedia":[{"embeddable":true,"href":"https:\/\/eldiariodesanpedro.com.ar\/sitio\/wp-json\/wp\/v2\/media\/113757"}],"wp:attachment":[{"href":"https:\/\/eldiariodesanpedro.com.ar\/sitio\/wp-json\/wp\/v2\/media?parent=146958"}],"wp:term":[{"taxonomy":"category","embeddable":true,"href":"https:\/\/eldiariodesanpedro.com.ar\/sitio\/wp-json\/wp\/v2\/categories?post=146958"},{"taxonomy":"post_tag","embeddable":true,"href":"https:\/\/eldiariodesanpedro.com.ar\/sitio\/wp-json\/wp\/v2\/tags?post=146958"}],"curies":[{"name":"wp","href":"https:\/\/api.w.org\/{rel}","templated":true}]}}