{"id":146957,"date":"2026-01-12T12:25:27","date_gmt":"2026-01-12T15:25:27","guid":{"rendered":"https:\/\/eldiariodesanpedro.com.ar\/sitio\/especulaciones-en-redes-por-un-posible-embarazo-de-tini-stoessel-y-rodrigo-de-paul\/"},"modified":"2026-01-12T12:25:27","modified_gmt":"2026-01-12T15:25:27","slug":"especulaciones-en-redes-por-un-posible-embarazo-de-tini-stoessel-y-rodrigo-de-paul","status":"publish","type":"post","link":"https:\/\/eldiariodesanpedro.com.ar\/sitio\/especulaciones-en-redes-por-un-posible-embarazo-de-tini-stoessel-y-rodrigo-de-paul\/","title":{"rendered":"Especulaciones en redes por un posible embarazo de Tini Stoessel y Rodrigo De Paul"},"content":{"rendered":"<p><!-- VideographyWP Plugin Message: Automatic video embedding prevented by plugin options. --><\/p>\n<p><strong>Tini Stoessel<\/strong> y <strong>Rodrigo De Paul<\/strong> se convirtieron nuevamente en foco de comentarios en las redes sociales, luego de que surgiera el rumor de un posible embarazo durante sus vacaciones.<\/p>\n<p>El origen de estas especulaciones se remonta a una serie de im\u00e1genes compartidas por el futbolista en su cuenta de Instagram, que llamaron la atenci\u00f3n de los seguidores atentos a cualquier detalle sobre la pareja.<\/p>\n<p>Entre las pistas que despertaron comentarios destaca un <strong>nuevo tatuaje<\/strong> en el costado del abdomen de De Paul, compuesto por tres peque\u00f1os corazones dise\u00f1ados por la propia Tini. Para muchos usuarios, estos corazones representar\u00edan simb\u00f3licamente al futbolista, la cantante y el posible hijo en camino.<\/p>\n<p>Otra foto significativa mostr\u00f3 un <strong>benteveo<\/strong>. Seg\u00fan creencias populares en la Argentina, la aparici\u00f3n de esta ave cerca de una vivienda puede ser interpretada como anuncio de embarazo, lo que aliment\u00f3 a\u00fan m\u00e1s las teor\u00edas de los fan\u00e1ticos.<\/p>\n<p>Por el momento, ninguno de los dos protagonistas ha realizado comentarios p\u00fablicos para confirmar o desmentir los rumores. Lo cierto es que ambos siguen disfrutando de sus vacaciones previas a un a\u00f1o cargado de compromisos, con De Paul prepar\u00e1ndose para el Mundial y Tini retomando su agenda musical.<\/p>\n","protected":false},"excerpt":{"rendered":"<p>Los seguidores de la pareja analizan pistas en sus publicaciones y alimentan los rumores sobre la llegada de un hijo.<\/p>\n","protected":false},"author":1,"featured_media":146956,"comment_status":"","ping_status":"","sticky":false,"template":"","format":"standard","meta":{"om_disable_all_campaigns":false,"_jetpack_memberships_contains_paid_content":false,"footnotes":""},"categories":[3],"tags":[],"class_list":["post-146957","post","type-post","status-publish","format-standard","has-post-thumbnail","hentry","category-nacionales"],"aioseo_notices":[],"gutentor_comment":0,"jetpack_featured_media_url":"https:\/\/eldiariodesanpedro.com.ar\/sitio\/wp-content\/uploads\/2026\/01\/facebook-2.jpg","jetpack_shortlink":"https:\/\/wp.me\/p6RhLt-Ceh","jetpack_sharing_enabled":true,"_links":{"self":[{"href":"https:\/\/eldiariodesanpedro.com.ar\/sitio\/wp-json\/wp\/v2\/posts\/146957","targetHints":{"allow":["GET"]}}],"collection":[{"href":"https:\/\/eldiariodesanpedro.com.ar\/sitio\/wp-json\/wp\/v2\/posts"}],"about":[{"href":"https:\/\/eldiariodesanpedro.com.ar\/sitio\/wp-json\/wp\/v2\/types\/post"}],"author":[{"embeddable":true,"href":"https:\/\/eldiariodesanpedro.com.ar\/sitio\/wp-json\/wp\/v2\/users\/1"}],"replies":[{"embeddable":true,"href":"https:\/\/eldiariodesanpedro.com.ar\/sitio\/wp-json\/wp\/v2\/comments?post=146957"}],"version-history":[{"count":0,"href":"https:\/\/eldiariodesanpedro.com.ar\/sitio\/wp-json\/wp\/v2\/posts\/146957\/revisions"}],"wp:featuredmedia":[{"embeddable":true,"href":"https:\/\/eldiariodesanpedro.com.ar\/sitio\/wp-json\/wp\/v2\/media\/146956"}],"wp:attachment":[{"href":"https:\/\/eldiariodesanpedro.com.ar\/sitio\/wp-json\/wp\/v2\/media?parent=146957"}],"wp:term":[{"taxonomy":"category","embeddable":true,"href":"https:\/\/eldiariodesanpedro.com.ar\/sitio\/wp-json\/wp\/v2\/categories?post=146957"},{"taxonomy":"post_tag","embeddable":true,"href":"https:\/\/eldiariodesanpedro.com.ar\/sitio\/wp-json\/wp\/v2\/tags?post=146957"}],"curies":[{"name":"wp","href":"https:\/\/api.w.org\/{rel}","templated":true}]}}