{"id":146953,"date":"2026-01-12T12:08:12","date_gmt":"2026-01-12T15:08:12","guid":{"rendered":"https:\/\/eldiariodesanpedro.com.ar\/sitio\/?p=146953"},"modified":"2026-01-12T12:08:18","modified_gmt":"2026-01-12T15:08:18","slug":"el-puerto-se-prepara-para-una-nueva-exportacion-de-trigo-rumbo-a-brasil","status":"publish","type":"post","link":"https:\/\/eldiariodesanpedro.com.ar\/sitio\/el-puerto-se-prepara-para-una-nueva-exportacion-de-trigo-rumbo-a-brasil\/","title":{"rendered":"El puerto se prepara para una nueva exportaci\u00f3n de trigo rumbo a Brasil"},"content":{"rendered":"<!-- VideographyWP Plugin Message: Automatic video embedding prevented by plugin options. -->\n\n<p>El  arribar\u00e1 este domingo para cargar <strong>33.000 toneladas de trigo<\/strong>, en una operatoria clave que refuerza la actividad exportadora de la terminal.<\/p>\n\n\n\n<p>El <strong>puerto local<\/strong> se encuentra en plena preparaci\u00f3n para una <strong>nueva y relevante operaci\u00f3n de exportaci\u00f3n<\/strong>, tras el <strong>arribo del buque TAC IMOLA<\/strong>, una embarcaci\u00f3n de gran porte que cargar\u00e1 <strong>33.000 toneladas de trigo con destino a Brasil<\/strong>, seg\u00fan confirmaron autoridades portuarias.<\/p>\n\n\n\n<p>El nav\u00edo, que <strong>navega bajo bandera de Panam\u00e1<\/strong> y posee una <strong>eslora de 179,90 metros<\/strong>, tiene su <strong>arribo estimado para este domingo 11 de enero de 2026<\/strong>. De acuerdo con el cronograma previsto, el buque <strong>procede de la Zona Com\u00fan Rada La Plata<\/strong> y <strong>amarrar\u00e1 en el muelle de la terminal Elevador<\/strong>, donde se iniciar\u00e1n las tareas de carga.<\/p>\n\n\n\n<p>Esta operatoria representa un <strong>movimiento de gran importancia para la terminal<\/strong>, ya que <strong>consolida el flujo de exportaci\u00f3n de cereales hacia el mercado brasile\u00f1o<\/strong> y reafirma el rol estrat\u00e9gico del puerto en la log\u00edstica regional. <strong>Una vez finalizada la estiba del cereal<\/strong>, el buque <strong>emprender\u00e1 su navegaci\u00f3n rumbo al pa\u00eds vecino<\/strong>, completando una nueva exportaci\u00f3n de relevancia para el sector agroindustrial.<\/p>\n\n\n\n<p>#Puerto #Exportaci\u00f3n #Trigo #ComercioExterior #ActividadPortuaria #Brasil<\/p>\n","protected":false},"excerpt":{"rendered":"<p>El arribar\u00e1 este domingo para cargar 33.000 toneladas de trigo, en una operatoria clave que refuerza la actividad exportadora de la terminal. El puerto local se encuentra en plena preparaci\u00f3n para una nueva y relevante operaci\u00f3n de exportaci\u00f3n, tras el arribo del buque TAC IMOLA, una embarcaci\u00f3n de gran porte que cargar\u00e1 33.000 toneladas de [&hellip;]<\/p>\n","protected":false},"author":4,"featured_media":146954,"comment_status":"closed","ping_status":"closed","sticky":false,"template":"","format":"standard","meta":{"om_disable_all_campaigns":false,"_jetpack_memberships_contains_paid_content":false,"footnotes":""},"categories":[101,2],"tags":[8243,8245,7080,7897,8246,417,8244],"class_list":["post-146953","post","type-post","status-publish","format-standard","has-post-thumbnail","hentry","category-interes-general-locales","category-locales","tag-buque-tac-imola","tag-carga-de-cereales","tag-comercio-exterior","tag-exportacion-de-trigo","tag-mercado-brasileno","tag-puerto","tag-terminal-portuaria"],"aioseo_notices":[],"gutentor_comment":0,"jetpack_featured_media_url":"https:\/\/eldiariodesanpedro.com.ar\/sitio\/wp-content\/uploads\/2026\/01\/medida-25.jpg","jetpack_shortlink":"https:\/\/wp.me\/p6RhLt-Ced","jetpack_sharing_enabled":true,"_links":{"self":[{"href":"https:\/\/eldiariodesanpedro.com.ar\/sitio\/wp-json\/wp\/v2\/posts\/146953","targetHints":{"allow":["GET"]}}],"collection":[{"href":"https:\/\/eldiariodesanpedro.com.ar\/sitio\/wp-json\/wp\/v2\/posts"}],"about":[{"href":"https:\/\/eldiariodesanpedro.com.ar\/sitio\/wp-json\/wp\/v2\/types\/post"}],"author":[{"embeddable":true,"href":"https:\/\/eldiariodesanpedro.com.ar\/sitio\/wp-json\/wp\/v2\/users\/4"}],"replies":[{"embeddable":true,"href":"https:\/\/eldiariodesanpedro.com.ar\/sitio\/wp-json\/wp\/v2\/comments?post=146953"}],"version-history":[{"count":1,"href":"https:\/\/eldiariodesanpedro.com.ar\/sitio\/wp-json\/wp\/v2\/posts\/146953\/revisions"}],"predecessor-version":[{"id":146955,"href":"https:\/\/eldiariodesanpedro.com.ar\/sitio\/wp-json\/wp\/v2\/posts\/146953\/revisions\/146955"}],"wp:featuredmedia":[{"embeddable":true,"href":"https:\/\/eldiariodesanpedro.com.ar\/sitio\/wp-json\/wp\/v2\/media\/146954"}],"wp:attachment":[{"href":"https:\/\/eldiariodesanpedro.com.ar\/sitio\/wp-json\/wp\/v2\/media?parent=146953"}],"wp:term":[{"taxonomy":"category","embeddable":true,"href":"https:\/\/eldiariodesanpedro.com.ar\/sitio\/wp-json\/wp\/v2\/categories?post=146953"},{"taxonomy":"post_tag","embeddable":true,"href":"https:\/\/eldiariodesanpedro.com.ar\/sitio\/wp-json\/wp\/v2\/tags?post=146953"}],"curies":[{"name":"wp","href":"https:\/\/api.w.org\/{rel}","templated":true}]}}