{"id":146952,"date":"2026-01-12T11:35:31","date_gmt":"2026-01-12T14:35:31","guid":{"rendered":"https:\/\/eldiariodesanpedro.com.ar\/sitio\/alerta-por-altas-temperaturas-en-buenos-aires-y-varios-distritos\/"},"modified":"2026-01-12T11:35:31","modified_gmt":"2026-01-12T14:35:31","slug":"alerta-por-altas-temperaturas-en-buenos-aires-y-varios-distritos","status":"publish","type":"post","link":"https:\/\/eldiariodesanpedro.com.ar\/sitio\/alerta-por-altas-temperaturas-en-buenos-aires-y-varios-distritos\/","title":{"rendered":"Alerta por Altas Temperaturas en Buenos Aires y Varios Distritos"},"content":{"rendered":"<p><!-- VideographyWP Plugin Message: Automatic video embedding prevented by plugin options. --><\/p>\n<p><strong>El Servicio Meteorol\u00f3gico Nacional (SMN)<\/strong> emiti\u00f3 nuevas alertas por temperaturas extremas que afectan a <strong>Buenos Aires, el AMBA, La Pampa, Neuqu\u00e9n y R\u00edo Negro<\/strong>. Se prev\u00e9 que las altas temperaturas contin\u00faen durante toda la semana, generando preocupaci\u00f3n por su impacto en la salud p\u00fablica.<\/p>\n<p>En la Ciudad de Buenos Aires, <strong>las autoridades estiman m\u00ednimas entre 22 y 24 grados y m\u00e1ximas que pueden alcanzar los 35 grados<\/strong> entre el lunes y el jueves. Aunque se esperan algunas tormentas que podr\u00edan aliviar moment\u00e1neamente el calor, la persistencia de las altas temperaturas representa un riesgo considerable para la poblaci\u00f3n.<\/p>\n<p>El SMN detall\u00f3 tres niveles de alerta. <strong>El nivel amarillo<\/strong> indica un efecto leve a moderado en la salud, con mayor impacto en grupos vulnerables como personas mayores, ni\u00f1os y quienes padecen enfermedades cr\u00f3nicas. <strong>El nivel naranja<\/strong> se traduce en un riesgo moderado a alto y puede ser especialmente peligroso para los mismos grupos. En tanto, <strong>el nivel rojo<\/strong> representa un peligro extremo para la salud que afecta incluso a personas sin condiciones preexistentes.<\/p>\n<p>La cartera de Salud nacional subraya que este tipo de eventos ocurren cuando las temperaturas m\u00ednimas y m\u00e1ximas superan umbrales que aumentan la morbilidad y la mortalidad, seg\u00fan estudios interdisciplinarios realizados en el pa\u00eds.<\/p>\n","protected":false},"excerpt":{"rendered":"<p>El Servicio Meteorol\u00f3gico Nacional emiti\u00f3 alertas por temperaturas extremas en Buenos Aires, el AMBA y otras provincias para esta semana.<\/p>\n","protected":false},"author":1,"featured_media":146951,"comment_status":"","ping_status":"","sticky":false,"template":"","format":"standard","meta":{"om_disable_all_campaigns":false,"_jetpack_memberships_contains_paid_content":false,"footnotes":""},"categories":[3],"tags":[],"class_list":["post-146952","post","type-post","status-publish","format-standard","has-post-thumbnail","hentry","category-nacionales"],"aioseo_notices":[],"gutentor_comment":0,"jetpack_featured_media_url":"https:\/\/eldiariodesanpedro.com.ar\/sitio\/wp-content\/uploads\/2026\/01\/facebook-1.jpg","jetpack_shortlink":"https:\/\/wp.me\/p6RhLt-Cec","jetpack_sharing_enabled":true,"_links":{"self":[{"href":"https:\/\/eldiariodesanpedro.com.ar\/sitio\/wp-json\/wp\/v2\/posts\/146952","targetHints":{"allow":["GET"]}}],"collection":[{"href":"https:\/\/eldiariodesanpedro.com.ar\/sitio\/wp-json\/wp\/v2\/posts"}],"about":[{"href":"https:\/\/eldiariodesanpedro.com.ar\/sitio\/wp-json\/wp\/v2\/types\/post"}],"author":[{"embeddable":true,"href":"https:\/\/eldiariodesanpedro.com.ar\/sitio\/wp-json\/wp\/v2\/users\/1"}],"replies":[{"embeddable":true,"href":"https:\/\/eldiariodesanpedro.com.ar\/sitio\/wp-json\/wp\/v2\/comments?post=146952"}],"version-history":[{"count":0,"href":"https:\/\/eldiariodesanpedro.com.ar\/sitio\/wp-json\/wp\/v2\/posts\/146952\/revisions"}],"wp:featuredmedia":[{"embeddable":true,"href":"https:\/\/eldiariodesanpedro.com.ar\/sitio\/wp-json\/wp\/v2\/media\/146951"}],"wp:attachment":[{"href":"https:\/\/eldiariodesanpedro.com.ar\/sitio\/wp-json\/wp\/v2\/media?parent=146952"}],"wp:term":[{"taxonomy":"category","embeddable":true,"href":"https:\/\/eldiariodesanpedro.com.ar\/sitio\/wp-json\/wp\/v2\/categories?post=146952"},{"taxonomy":"post_tag","embeddable":true,"href":"https:\/\/eldiariodesanpedro.com.ar\/sitio\/wp-json\/wp\/v2\/tags?post=146952"}],"curies":[{"name":"wp","href":"https:\/\/api.w.org\/{rel}","templated":true}]}}