{"id":14695,"date":"2017-02-14T20:34:20","date_gmt":"2017-02-14T23:34:20","guid":{"rendered":"https:\/\/eldiariodesanpedro.com.ar\/sitio\/?p=14695"},"modified":"2026-01-23T23:14:33","modified_gmt":"2026-01-24T02:14:33","slug":"diputados-de-la-oposicion-citaron-a-aguad-y-franco-macri-por-el-acuerdo-entre-el-gobierno-y-el-correo","status":"publish","type":"post","link":"https:\/\/eldiariodesanpedro.com.ar\/sitio\/diputados-de-la-oposicion-citaron-a-aguad-y-franco-macri-por-el-acuerdo-entre-el-gobierno-y-el-correo\/","title":{"rendered":"Diputados de la oposici\u00f3n citaron a Aguad y Franco Macri por el acuerdo entre el Gobierno y el Correo"},"content":{"rendered":"<p><!-- VideographyWP Plugin Message: Automatic video embedding prevented by plugin options. --><br \/>\n(NA) &#8211; Diputados de distintos bloques de la oposici\u00f3n, a excepci\u00f3n del Frente Para la Victoria, convocaron para el pr\u00f3ximo martes al ministro de Comunicaciones, Oscar Aguad, y al empresario Franco Macri para que den explicaciones sobre el acuerdo que sell\u00f3 el Gobierno con el Correo Argentino por una millonaria deuda que la empresa manten\u00eda con el Estado.<\/p>\n<p>   En una conferencia de prensa ofrecida en el sal\u00f3n Delia Parodi de la C\u00e1mara baja, el presidente de la comisi\u00f3n de Comunicaciones, Juan Fernando Br\u00fcgge (Unidos por una Nueva Argentina), advirti\u00f3 que un acuerdo como el del gobierno con el Correo es \u00abun proceso que requiere transparencia por los valores e intereses que est\u00e1n en juego\u00bb.<\/p>\n<p>   \u00abLa fiscal establece que ha habido una propuesta abusiva de parte del Correo con implicancias econ\u00f3micas, jur\u00eddicas y \u00e9ticas porque est\u00e1 la familia del Presidente involucrado, el padre y los hijos. La tarea del Congreso es el control y la investigaci\u00f3n en este caso. Queremos impulsar un proceso que traiga transparencia ante la incertidumbre generada por el conflicto de intereses del caso\u00bb, plante\u00f3 Brugge.<\/p>\n<p>   Y agreg\u00f3: \u00abQueremos dar una soluci\u00f3n con las herramientas con las que contamos para determinar en qu\u00e9 momento el Estado va a recuperar los fondos que les corresponden\u00bb.<\/p>\n<p>   La diputada del GEN Margarita Stolbizer justific\u00f3 la convocatoria al ministro al se\u00f1alar que se trata de \u00abun caso grave\u00bb, ya que \u00abno es el primero ni el \u00fanico caso en este Gobierno de conflicto de intereses\u00bb y pidi\u00f3 resolver el problema en el marco del \u00abplano institucional\u00bb.<\/p>\n<p>   \u00abLa inacci\u00f3n de los gobiernos produjo un da\u00f1o enorme a las cuentas p\u00fablicas\u00bb, sostuvo Stolbizer, mientras que Pablo Kosiner (Bloque Justicialista) advirti\u00f3 que \u00abno es s\u00f3lo un tema judicial (como dijo el jefe de Gabinete, Marcos Pe\u00f1a), porque las decisiones fueron tomadas por funcionarios pol\u00edticos\u00bb.<\/p>\n<p>   Adem\u00e1s de Aguad y Franco Macri, padre del Presidente Mauricio Macri y due\u00f1o del Correo al momento de contraer la deuda, la comisi\u00f3n convoc\u00f3 a la jefa de la Oficina Anticorrupci\u00f3n, Laura Alonso; al s\u00edndico general de la Naci\u00f3n, Ignacio Mart\u00edn Rial; al procurador del Tesoro, Carlos Balb\u00edn, y al actual presidente del Correo, Jorge Irigoin.<\/p>\n<p>   Por su parte, Victoria Donda (Libres del Sur) consider\u00f3 que \u00abes una responsabilidad del Presidente dar el ejemplo\u00bb y tambi\u00e9n carg\u00f3 contra el kirchnerismo: \u00abEn 12 a\u00f1os no pidieron que devuelvan lo que ten\u00edan que devolver\u00bb.   <\/p>\n<p>De la rueda de prensa no participaron diputados del bloque kirchnerista, presidido por H\u00e9ctor Recalde, ya que ese sector eligi\u00f3 la v\u00eda judicial y present\u00f3 una denuncia penal.<\/p>\n<p>   A su turno, Gabriela Troiano (socialista) manifest\u00f3: \u00abQueremos que vengan a dar explicaciones y que cuenten al pueblo de qu\u00e9 se trata este acuerdo porque m\u00e1s que Cambiemos, se est\u00e1n transformando en Continuemos\u00bb.<\/p>\n<p> <strong>El Gobierno pidi\u00f3 un veredicto de la AGN sobre el acuerdo con el Correo<\/strong><\/p>\n<p>El jefe de Gabinete, Marcos Pe\u00f1a, asegur\u00f3 que el Gobierno ten\u00eda previsto pedirle a la Auditor\u00eda General de la Naci\u00f3n (AGN) un veredicto sobre el acuerdo con el Correo Argentino, pero el organismo se\u00f1al\u00f3 que no intervendr\u00e1.<\/p>\n<p>   \u00abNo es un problema pol\u00edtico, es un tema t\u00e9cnico, de car\u00e1cter judicial, y que el Estado interviene como hace con cualquier tema de este tipo\u00bb, sostuvo Pe\u00f1a en conferencia de prensa junto al ministro de Comunicaciones, Oscar Aguad.<\/p>\n<p>   El funcionario explic\u00f3 que \u00abpara evitar cualquier tipo de duda sobre un posible conflicto de intereses, (el presidente Mauricio Macri) le solicitar\u00e1 a la AGN que de un veredicto t\u00e9cnico antes de dictar una resoluci\u00f3n\u00bb.<\/p>\n<p>   \u00abRecordamos que la AGN, que es un organismo constitucional, que le corresponde a la oposici\u00f3n\u00bb, resalt\u00f3 Pe\u00f1a.   <\/p>\n<p>Al respecto, el auditor general de la Naci\u00f3n, Oscar Lamberto, contest\u00f3 que el organismo no va a intervenir porque no es el \u00abadecuado\u00bb para esa tarea.<\/p>\n<p>   Lamberto asegur\u00f3 al portal de noticias Infobae que la AGN no es \u00abel organismo adecuado\u00bb para esa tarea y se\u00f1al\u00f3 que \u00abel Gobierno tiene a la Sigen (Sindicatura General de la Naci\u00f3n) para este tipo de cuestiones\u00bb.<\/p>\n<p>   \u00abSuena raro que se acuerden de la Auditor\u00eda despu\u00e9s de que se arm\u00f3 el esc\u00e1ndalo\u00bb, agreg\u00f3 el auditor.<\/p>\n<p>   A la vez, Lamberto explic\u00f3 que la AGN ya tiene un plan de auditor\u00edas establecidas para el 2017 que \u00abno se puede modificar sin acuerdo del Parlamento\u00bb e incluso resalt\u00f3 que \u00abhubo casos en los cuales a pesar del acuerdo hay dict\u00e1menes legales internos que recomiendan la no intervenci\u00f3n en estos casos\u00bb.<\/p>\n<p>   Por otra parte, Pe\u00f1a detall\u00f3 que Macri \u00absolicit\u00f3 una reuni\u00f3n con la C\u00e1mara Federal para pedirle que aborde esta problem\u00e1tica de manera integral\u00bb.<\/p>\n","protected":false},"excerpt":{"rendered":"<p>(NA) &#8211; Diputados de distintos bloques de la oposici\u00f3n, a excepci\u00f3n del Frente Para la Victoria, convocaron para el pr\u00f3ximo martes al ministro de Comunicaciones, Oscar Aguad, y al empresario Franco Macri para que den explicaciones sobre el acuerdo que sell\u00f3 el Gobierno con el Correo Argentino por una millonaria deuda que la empresa manten\u00eda [&hellip;]<\/p>\n","protected":false},"author":4,"featured_media":14696,"comment_status":"open","ping_status":"closed","sticky":false,"template":"","format":"standard","meta":{"om_disable_all_campaigns":false,"_jetpack_memberships_contains_paid_content":false,"footnotes":""},"categories":[3],"tags":[],"class_list":["post-14695","post","type-post","status-publish","format-standard","has-post-thumbnail","hentry","category-nacionales"],"aioseo_notices":[],"gutentor_comment":0,"jetpack_featured_media_url":"https:\/\/eldiariodesanpedro.com.ar\/sitio\/wp-content\/uploads\/2017\/02\/diputados.jpg","jetpack_shortlink":"https:\/\/wp.me\/p6RhLt-3P1","jetpack_sharing_enabled":true,"_links":{"self":[{"href":"https:\/\/eldiariodesanpedro.com.ar\/sitio\/wp-json\/wp\/v2\/posts\/14695","targetHints":{"allow":["GET"]}}],"collection":[{"href":"https:\/\/eldiariodesanpedro.com.ar\/sitio\/wp-json\/wp\/v2\/posts"}],"about":[{"href":"https:\/\/eldiariodesanpedro.com.ar\/sitio\/wp-json\/wp\/v2\/types\/post"}],"author":[{"embeddable":true,"href":"https:\/\/eldiariodesanpedro.com.ar\/sitio\/wp-json\/wp\/v2\/users\/4"}],"replies":[{"embeddable":true,"href":"https:\/\/eldiariodesanpedro.com.ar\/sitio\/wp-json\/wp\/v2\/comments?post=14695"}],"version-history":[{"count":1,"href":"https:\/\/eldiariodesanpedro.com.ar\/sitio\/wp-json\/wp\/v2\/posts\/14695\/revisions"}],"predecessor-version":[{"id":14697,"href":"https:\/\/eldiariodesanpedro.com.ar\/sitio\/wp-json\/wp\/v2\/posts\/14695\/revisions\/14697"}],"wp:featuredmedia":[{"embeddable":true,"href":"https:\/\/eldiariodesanpedro.com.ar\/sitio\/wp-json\/wp\/v2\/media\/14696"}],"wp:attachment":[{"href":"https:\/\/eldiariodesanpedro.com.ar\/sitio\/wp-json\/wp\/v2\/media?parent=14695"}],"wp:term":[{"taxonomy":"category","embeddable":true,"href":"https:\/\/eldiariodesanpedro.com.ar\/sitio\/wp-json\/wp\/v2\/categories?post=14695"},{"taxonomy":"post_tag","embeddable":true,"href":"https:\/\/eldiariodesanpedro.com.ar\/sitio\/wp-json\/wp\/v2\/tags?post=14695"}],"curies":[{"name":"wp","href":"https:\/\/api.w.org\/{rel}","templated":true}]}}