{"id":146916,"date":"2026-01-09T11:02:25","date_gmt":"2026-01-09T14:02:25","guid":{"rendered":"https:\/\/eldiariodesanpedro.com.ar\/sitio\/?p=146916"},"modified":"2026-01-09T12:01:09","modified_gmt":"2026-01-09T15:01:09","slug":"apunalo-a-su-hermana-con-un-tenedor-en-el-gluteo-cuando-intento-defender-a-su-cunada","status":"publish","type":"post","link":"https:\/\/eldiariodesanpedro.com.ar\/sitio\/apunalo-a-su-hermana-con-un-tenedor-en-el-gluteo-cuando-intento-defender-a-su-cunada\/","title":{"rendered":"Apu\u00f1al\u00f3 a su hermana con un tenedor en el gl\u00fateo cuando intent\u00f3 defender a su cu\u00f1ada"},"content":{"rendered":"<!-- VideographyWP Plugin Message: Automatic video embedding prevented by plugin options. -->\n\n<p>Un hombre de 39 a\u00f1os fue <strong>aprehendido por violencia familiar<\/strong> tras <strong>atacar con un tenedor<\/strong> al cu\u00f1ado de su pareja durante un violento episodio ocurrido de madrugada.<\/p>\n\n\n\n<p>Un <strong>grave hecho de violencia familiar<\/strong> se registr\u00f3 en la <strong>madrugada de este jueves<\/strong>, cuando personal policial, alertado por el <strong>servicio de emergencias 911<\/strong>, se constituy\u00f3 en un domicilio ubicado en la zona de <strong>Facundo Quiroga y Manuel Iglesias<\/strong>.<\/p>\n\n\n\n<p>Al llegar al lugar, los efectivos constataron que una <strong>mujer de 53 a\u00f1os<\/strong> hab\u00eda resultado <strong>lesionada tras ser atacada con un tenedor en el gl\u00fateo derecho<\/strong> por su <strong>hermano, un hombre de 39 a\u00f1os<\/strong>, cuando intent\u00f3 <strong>defender a su hermana<\/strong>, pareja del agresor, una <strong>mujer de 27 a\u00f1os<\/strong>, quien estaba siendo agredida.<\/p>\n\n\n\n<p>El <strong>masculino se dio a la fuga antes del arribo policial<\/strong>, por lo que ambas mujeres fueron <strong>trasladadas a la Comisar\u00eda de la Mujer y la Familia<\/strong> con el fin de <strong>radicar la denuncia correspondiente<\/strong>.<\/p>\n\n\n\n<p>Posteriormente, mientras el m\u00f3vil trasladaba a las v\u00edctimas, en inmediaciones de <strong>Balcarce y 11 de Septiembre<\/strong>, los efectivos se encontraron con el <strong>agresor<\/strong>, quien manifest\u00f3 haber sido <strong>agredido por vecinos<\/strong>. Ante esta situaci\u00f3n, se solicit\u00f3 la presencia de <strong>otro m\u00f3vil policial y una ambulancia del SAME 107<\/strong>.<\/p>\n\n\n\n<p>El hombre fue <strong>trasladado a la guardia del hospital local<\/strong>, donde qued\u00f3 <strong>internado en observaci\u00f3n<\/strong>, presentando <strong>lesiones de car\u00e1cter a determinar<\/strong>.<\/p>\n\n\n\n<p>La <strong>Fiscal\u00eda N\u00b0 11<\/strong> tom\u00f3 intervenci\u00f3n en la causa y <strong>dispuso la aprehensi\u00f3n del masculino<\/strong> por los delitos de <strong>lesiones leves, amenazas e infracci\u00f3n a la Ley 12.569 de violencia familiar<\/strong>, adem\u00e1s de las <strong>diligencias judiciales de rigor<\/strong>.<\/p>\n\n\n\n<p>#ViolenciaFamiliar #Policiales #Aprehendido #Ataque #LesionesLeves #Ley12569 #Fiscal\u00eda11 #Seguridad<\/p>\n\n\n\n<p><\/p>\n","protected":false},"excerpt":{"rendered":"<p>Un hombre de 39 a\u00f1os fue aprehendido por violencia familiar tras atacar con un tenedor al cu\u00f1ado de su pareja durante un violento episodio ocurrido de madrugada. Un grave hecho de violencia familiar se registr\u00f3 en la madrugada de este jueves, cuando personal policial, alertado por el servicio de emergencias 911, se constituy\u00f3 en un [&hellip;]<\/p>\n","protected":false},"author":4,"featured_media":143881,"comment_status":"closed","ping_status":"closed","sticky":false,"template":"","format":"standard","meta":{"om_disable_all_campaigns":false,"_jetpack_memberships_contains_paid_content":false,"footnotes":""},"categories":[50,2,103],"tags":[3590,8213,6831,5329,8012,8215,8105,8214,1037],"class_list":["post-146916","post","type-post","status-publish","format-standard","has-post-thumbnail","hentry","category-destacadas","category-locales","category-policiales-locales","tag-agresion","tag-apunalado-con-tenedor","tag-comisaria-de-la-mujer-2","tag-fiscalia-11","tag-hecho-policial","tag-lesiones-en-el-gluteo","tag-ley-12-569","tag-masculino-aprehendido","tag-violencia-familiar"],"aioseo_notices":[],"gutentor_comment":0,"jetpack_featured_media_url":"https:\/\/eldiariodesanpedro.com.ar\/sitio\/wp-content\/uploads\/2025\/09\/Comisaria-de-la-Mujer-y-la-Familia-800x445-1.jpg","jetpack_shortlink":"https:\/\/wp.me\/p6RhLt-CdC","jetpack_sharing_enabled":true,"_links":{"self":[{"href":"https:\/\/eldiariodesanpedro.com.ar\/sitio\/wp-json\/wp\/v2\/posts\/146916","targetHints":{"allow":["GET"]}}],"collection":[{"href":"https:\/\/eldiariodesanpedro.com.ar\/sitio\/wp-json\/wp\/v2\/posts"}],"about":[{"href":"https:\/\/eldiariodesanpedro.com.ar\/sitio\/wp-json\/wp\/v2\/types\/post"}],"author":[{"embeddable":true,"href":"https:\/\/eldiariodesanpedro.com.ar\/sitio\/wp-json\/wp\/v2\/users\/4"}],"replies":[{"embeddable":true,"href":"https:\/\/eldiariodesanpedro.com.ar\/sitio\/wp-json\/wp\/v2\/comments?post=146916"}],"version-history":[{"count":2,"href":"https:\/\/eldiariodesanpedro.com.ar\/sitio\/wp-json\/wp\/v2\/posts\/146916\/revisions"}],"predecessor-version":[{"id":146919,"href":"https:\/\/eldiariodesanpedro.com.ar\/sitio\/wp-json\/wp\/v2\/posts\/146916\/revisions\/146919"}],"wp:featuredmedia":[{"embeddable":true,"href":"https:\/\/eldiariodesanpedro.com.ar\/sitio\/wp-json\/wp\/v2\/media\/143881"}],"wp:attachment":[{"href":"https:\/\/eldiariodesanpedro.com.ar\/sitio\/wp-json\/wp\/v2\/media?parent=146916"}],"wp:term":[{"taxonomy":"category","embeddable":true,"href":"https:\/\/eldiariodesanpedro.com.ar\/sitio\/wp-json\/wp\/v2\/categories?post=146916"},{"taxonomy":"post_tag","embeddable":true,"href":"https:\/\/eldiariodesanpedro.com.ar\/sitio\/wp-json\/wp\/v2\/tags?post=146916"}],"curies":[{"name":"wp","href":"https:\/\/api.w.org\/{rel}","templated":true}]}}