{"id":146880,"date":"2026-01-08T12:30:38","date_gmt":"2026-01-08T15:30:38","guid":{"rendered":"https:\/\/eldiariodesanpedro.com.ar\/sitio\/?p=146880"},"modified":"2026-01-08T12:30:43","modified_gmt":"2026-01-08T15:30:43","slug":"dos-personas-aprehendidas-por-atentado-a-la-autoridad-y-tentativa-de-usurpacion","status":"publish","type":"post","link":"https:\/\/eldiariodesanpedro.com.ar\/sitio\/dos-personas-aprehendidas-por-atentado-a-la-autoridad-y-tentativa-de-usurpacion\/","title":{"rendered":"Dos personas aprehendidas por atentado a la autoridad y tentativa de usurpaci\u00f3n"},"content":{"rendered":"<!-- VideographyWP Plugin Message: Automatic video embedding prevented by plugin options. -->\n\n<p>Dos personas fueron aprehendidas tras un procedimiento policial por <strong>tentativa de usurpaci\u00f3n<\/strong> y <strong>atentado a la autoridad<\/strong>, con <strong>tres efectivos lesionados de car\u00e1cter leve<\/strong>.<\/p>\n\n\n\n<p>Personal policial acudi\u00f3 al lugar <strong>tras un alerta del 911<\/strong> y se constituy\u00f3 en <strong>avenida Espa\u00f1a, entre postes 25 y 27<\/strong>, en la zona de <strong>Bajo Cementerio<\/strong>, donde <strong>aprehendi\u00f3 a un hombre de 35 a\u00f1os y una mujer de 30<\/strong>. Seg\u00fan se inform\u00f3, <strong>ambos se encontraban usurpando un predio<\/strong> mediante la <strong>construcci\u00f3n de una vivienda precaria<\/strong> en un terreno <strong>propiedad de la empresa ARCOR SAIC<\/strong>.<\/p>\n\n\n\n<p>Durante la intervenci\u00f3n, <strong>tres efectivos policiales resultaron con lesiones leves<\/strong>, en el marco del <strong>atentado a la autoridad<\/strong>. Tom\u00f3 intervenci\u00f3n la <strong>UFI 11<\/strong>, que <strong>aval\u00f3 el procedimiento policial<\/strong> y dispuso que <strong>los aprehendidos permanezcan alojados en la dependencia<\/strong>, otorg\u00e1ndose <strong>la libertad en horas de la tarde-noche<\/strong> por disposici\u00f3n de la <strong>magistratura interviniente<\/strong>.<\/p>\n\n\n\n<p>#Policiales #AtentadoALaAutoridad #TentativaDeUsurpaci\u00f3n #ProcedimientoPolicial #Seguridad #Justicia<\/p>\n","protected":false},"excerpt":{"rendered":"<p>Dos personas fueron aprehendidas tras un procedimiento policial por tentativa de usurpaci\u00f3n y atentado a la autoridad, con tres efectivos lesionados de car\u00e1cter leve. Personal policial acudi\u00f3 al lugar tras un alerta del 911 y se constituy\u00f3 en avenida Espa\u00f1a, entre postes 25 y 27, en la zona de Bajo Cementerio, donde aprehendi\u00f3 a un [&hellip;]<\/p>\n","protected":false},"author":4,"featured_media":146881,"comment_status":"closed","ping_status":"closed","sticky":false,"template":"","format":"standard","meta":{"om_disable_all_campaigns":false,"_jetpack_memberships_contains_paid_content":false,"footnotes":""},"categories":[2,103],"tags":[8181,8184,4055,8182,8183,8180,3952],"class_list":["post-146880","post","type-post","status-publish","format-standard","has-post-thumbnail","hentry","category-locales","category-policiales-locales","tag-aprehendidos-atentado-a-la-autoridad","tag-lesiones-leves-policias","tag-operativo-policial","tag-predio-usurpado","tag-procedimiento-911","tag-tentativa-de-usurpacion","tag-ufi-11-2"],"aioseo_notices":[],"gutentor_comment":0,"jetpack_featured_media_url":"https:\/\/eldiariodesanpedro.com.ar\/sitio\/wp-content\/uploads\/2026\/01\/medida-16.jpg","jetpack_shortlink":"https:\/\/wp.me\/p6RhLt-Cd2","jetpack_sharing_enabled":true,"_links":{"self":[{"href":"https:\/\/eldiariodesanpedro.com.ar\/sitio\/wp-json\/wp\/v2\/posts\/146880","targetHints":{"allow":["GET"]}}],"collection":[{"href":"https:\/\/eldiariodesanpedro.com.ar\/sitio\/wp-json\/wp\/v2\/posts"}],"about":[{"href":"https:\/\/eldiariodesanpedro.com.ar\/sitio\/wp-json\/wp\/v2\/types\/post"}],"author":[{"embeddable":true,"href":"https:\/\/eldiariodesanpedro.com.ar\/sitio\/wp-json\/wp\/v2\/users\/4"}],"replies":[{"embeddable":true,"href":"https:\/\/eldiariodesanpedro.com.ar\/sitio\/wp-json\/wp\/v2\/comments?post=146880"}],"version-history":[{"count":1,"href":"https:\/\/eldiariodesanpedro.com.ar\/sitio\/wp-json\/wp\/v2\/posts\/146880\/revisions"}],"predecessor-version":[{"id":146882,"href":"https:\/\/eldiariodesanpedro.com.ar\/sitio\/wp-json\/wp\/v2\/posts\/146880\/revisions\/146882"}],"wp:featuredmedia":[{"embeddable":true,"href":"https:\/\/eldiariodesanpedro.com.ar\/sitio\/wp-json\/wp\/v2\/media\/146881"}],"wp:attachment":[{"href":"https:\/\/eldiariodesanpedro.com.ar\/sitio\/wp-json\/wp\/v2\/media?parent=146880"}],"wp:term":[{"taxonomy":"category","embeddable":true,"href":"https:\/\/eldiariodesanpedro.com.ar\/sitio\/wp-json\/wp\/v2\/categories?post=146880"},{"taxonomy":"post_tag","embeddable":true,"href":"https:\/\/eldiariodesanpedro.com.ar\/sitio\/wp-json\/wp\/v2\/tags?post=146880"}],"curies":[{"name":"wp","href":"https:\/\/api.w.org\/{rel}","templated":true}]}}