{"id":146878,"date":"2026-01-08T11:55:31","date_gmt":"2026-01-08T14:55:31","guid":{"rendered":"https:\/\/eldiariodesanpedro.com.ar\/sitio\/?p=146878"},"modified":"2026-01-24T00:46:38","modified_gmt":"2026-01-24T03:46:38","slug":"fallecio-jose-florentino-gonzalez-73-anos","status":"publish","type":"post","link":"https:\/\/eldiariodesanpedro.com.ar\/sitio\/fallecio-jose-florentino-gonzalez-73-anos\/","title":{"rendered":"Falleci\u00f3 Jos\u00e9 Florentino Gonz\u00e1lez, 73 a\u00f1os"},"content":{"rendered":"<!-- VideographyWP Plugin Message: Automatic video embedding prevented by plugin options. -->\n\n<p>A los <strong>73 a\u00f1os<\/strong>, falleci\u00f3 <strong>Jos\u00e9 Florentino Gonz\u00e1lez<\/strong>. Sus restos son velados en <strong>sala N\u00b0 3<\/strong> y el servicio se realizar\u00e1 este <strong>jueves 8 de enero<\/strong> hasta las <strong>15:30<\/strong>.<\/p>\n\n\n\n<p>Sus restos son velados en la <strong>Sala Velatoria N\u00b0 3<\/strong>, ubicada en <strong>3 de Febrero 1475<\/strong>.<br>El <strong>servicio se realizar\u00e1 hasta las 15:30 horas del jueves 08\/01\/2026<\/strong>.<\/p>\n\n\n\n<p>El servicio f\u00fanebre se encuentra a cargo de <strong>COOPSER Servicios Sociales<\/strong>.<\/p>\n\n\n\n<p>Familiares y allegados participan con profundo pesar su fallecimiento y acompa\u00f1an a sus seres queridos en este dif\u00edcil momento.<\/p>\n","protected":false},"excerpt":{"rendered":"<p>A los 73 a\u00f1os, falleci\u00f3 Jos\u00e9 Florentino Gonz\u00e1lez. Sus restos son velados en sala N\u00b0 3 y el servicio se realizar\u00e1 este jueves 8 de enero hasta las 15:30. Sus restos son velados en la Sala Velatoria N\u00b0 3, ubicada en 3 de Febrero 1475.El servicio se realizar\u00e1 hasta las 15:30 horas del jueves 08\/01\/2026. [&hellip;]<\/p>\n","protected":false},"author":4,"featured_media":113757,"comment_status":"closed","ping_status":"closed","sticky":false,"template":"","format":"standard","meta":{"om_disable_all_campaigns":false,"_jetpack_memberships_contains_paid_content":false,"footnotes":""},"categories":[8424],"tags":[5113,6087,8178,8179,5629],"class_list":["post-146878","post","type-post","status-publish","format-standard","has-post-thumbnail","hentry","category-necrologicas","tag-coopser-servicios-sociales","tag-fallecimiento-san-pedro","tag-fallecio-jose-florentino-gonzalez","tag-obituario-jose-florentino-gonzalez","tag-sala-velatoria-san-pedro"],"aioseo_notices":[],"gutentor_comment":0,"jetpack_featured_media_url":"https:\/\/eldiariodesanpedro.com.ar\/sitio\/wp-content\/uploads\/2023\/01\/necrologicas.jpg","jetpack_shortlink":"https:\/\/wp.me\/p6RhLt-Cd0","jetpack_sharing_enabled":true,"_links":{"self":[{"href":"https:\/\/eldiariodesanpedro.com.ar\/sitio\/wp-json\/wp\/v2\/posts\/146878","targetHints":{"allow":["GET"]}}],"collection":[{"href":"https:\/\/eldiariodesanpedro.com.ar\/sitio\/wp-json\/wp\/v2\/posts"}],"about":[{"href":"https:\/\/eldiariodesanpedro.com.ar\/sitio\/wp-json\/wp\/v2\/types\/post"}],"author":[{"embeddable":true,"href":"https:\/\/eldiariodesanpedro.com.ar\/sitio\/wp-json\/wp\/v2\/users\/4"}],"replies":[{"embeddable":true,"href":"https:\/\/eldiariodesanpedro.com.ar\/sitio\/wp-json\/wp\/v2\/comments?post=146878"}],"version-history":[{"count":1,"href":"https:\/\/eldiariodesanpedro.com.ar\/sitio\/wp-json\/wp\/v2\/posts\/146878\/revisions"}],"predecessor-version":[{"id":146879,"href":"https:\/\/eldiariodesanpedro.com.ar\/sitio\/wp-json\/wp\/v2\/posts\/146878\/revisions\/146879"}],"wp:featuredmedia":[{"embeddable":true,"href":"https:\/\/eldiariodesanpedro.com.ar\/sitio\/wp-json\/wp\/v2\/media\/113757"}],"wp:attachment":[{"href":"https:\/\/eldiariodesanpedro.com.ar\/sitio\/wp-json\/wp\/v2\/media?parent=146878"}],"wp:term":[{"taxonomy":"category","embeddable":true,"href":"https:\/\/eldiariodesanpedro.com.ar\/sitio\/wp-json\/wp\/v2\/categories?post=146878"},{"taxonomy":"post_tag","embeddable":true,"href":"https:\/\/eldiariodesanpedro.com.ar\/sitio\/wp-json\/wp\/v2\/tags?post=146878"}],"curies":[{"name":"wp","href":"https:\/\/api.w.org\/{rel}","templated":true}]}}