{"id":146876,"date":"2026-01-07T15:00:00","date_gmt":"2026-01-07T18:00:00","guid":{"rendered":"https:\/\/eldiariodesanpedro.com.ar\/sitio\/?p=146876"},"modified":"2026-01-07T21:49:54","modified_gmt":"2026-01-08T00:49:54","slug":"licitacion-publica-03-25-para-la-concesion-vial-de-un-sistema-integral-para-el-control-de-transito-pesado","status":"publish","type":"post","link":"https:\/\/eldiariodesanpedro.com.ar\/sitio\/licitacion-publica-03-25-para-la-concesion-vial-de-un-sistema-integral-para-el-control-de-transito-pesado\/","title":{"rendered":"Licitaci\u00f3n P\u00fablica 03\/25 para la Concesi\u00f3n Vial de un Sistema Integral para el Control de Tr\u00e1nsito Pesado"},"content":{"rendered":"<!-- VideographyWP Plugin Message: Automatic video embedding prevented by plugin options. -->\n\n<p class=\"has-text-align-center\">MUNICIPALIDAD DE RAMALLO-LICITACI\u00d3N P\u00daBLICA<\/p>\n\n\n\n<p>POR 2 DIAS- EXPTE. 4092-28828\/25 Ll\u00e1mese a LICITACI\u00d3N P\u00daBLICA 03\/25 para la \u201cCONCESION VIAL Y, PROVISION, INSTALACION, PUESTA EN MARCHA, OPERACION Y MANTENIMIENTO DE UN SISTEMA INTEGRAL PARA EL CONTROL DE TRANSITO PESADO (SICTP)\u201d<\/p>\n\n\n\n<p>Valor del Pliego: $ 9.000.733,29 (incluidos Fondos Municipales)<\/p>\n\n\n\n<p>L\u00edmite de venta: Hasta el 19\/01\/2026 de 8.00 a 11.30 horas, en la Municipalidad de Ramallo<\/p>\n\n\n\n<p>Fecha de Apertura: 22\/01\/2026, a las 10.00 horas. Oficina de Compras &#8211; Municipalidad de Ramallo. Av. San Mart\u00edn y Belgrano, Prov. de Buenos Aires.<\/p>\n\n\n\n<p>Consultas: Tel. 03407-422900\/906 int. 216. Email. obrasyserviciospublicos@muniramallo.com.ar Ramallo 02 de Enero de 2026<\/p>\n","protected":false},"excerpt":{"rendered":"<p>MUNICIPALIDAD DE RAMALLO-LICITACI\u00d3N P\u00daBLICA POR 2 DIAS- EXPTE. 4092-28828\/25 Ll\u00e1mese a LICITACI\u00d3N P\u00daBLICA 03\/25 para la \u201cCONCESION VIAL Y, PROVISION, INSTALACION, PUESTA EN MARCHA, OPERACION Y MANTENIMIENTO DE UN SISTEMA INTEGRAL PARA EL CONTROL DE TRANSITO PESADO (SICTP)\u201d Valor del Pliego: $ 9.000.733,29 (incluidos Fondos Municipales) L\u00edmite de venta: Hasta el 19\/01\/2026 de 8.00 a [&hellip;]<\/p>\n","protected":false},"author":4,"featured_media":132050,"comment_status":"closed","ping_status":"closed","sticky":false,"template":"","format":"standard","meta":{"om_disable_all_campaigns":false,"_jetpack_memberships_contains_paid_content":false,"footnotes":""},"categories":[676,1124],"tags":[8177,8176],"class_list":["post-146876","post","type-post","status-publish","format-standard","has-post-thumbnail","hentry","category-edictos","category-edictos-especiales","tag-concesion-vial","tag-licitacion-publica-03-25"],"aioseo_notices":[],"gutentor_comment":0,"jetpack_featured_media_url":"https:\/\/eldiariodesanpedro.com.ar\/sitio\/wp-content\/uploads\/2024\/08\/Ramallo.jpg","jetpack_shortlink":"https:\/\/wp.me\/p6RhLt-CcY","jetpack_sharing_enabled":true,"_links":{"self":[{"href":"https:\/\/eldiariodesanpedro.com.ar\/sitio\/wp-json\/wp\/v2\/posts\/146876","targetHints":{"allow":["GET"]}}],"collection":[{"href":"https:\/\/eldiariodesanpedro.com.ar\/sitio\/wp-json\/wp\/v2\/posts"}],"about":[{"href":"https:\/\/eldiariodesanpedro.com.ar\/sitio\/wp-json\/wp\/v2\/types\/post"}],"author":[{"embeddable":true,"href":"https:\/\/eldiariodesanpedro.com.ar\/sitio\/wp-json\/wp\/v2\/users\/4"}],"replies":[{"embeddable":true,"href":"https:\/\/eldiariodesanpedro.com.ar\/sitio\/wp-json\/wp\/v2\/comments?post=146876"}],"version-history":[{"count":1,"href":"https:\/\/eldiariodesanpedro.com.ar\/sitio\/wp-json\/wp\/v2\/posts\/146876\/revisions"}],"predecessor-version":[{"id":146877,"href":"https:\/\/eldiariodesanpedro.com.ar\/sitio\/wp-json\/wp\/v2\/posts\/146876\/revisions\/146877"}],"wp:featuredmedia":[{"embeddable":true,"href":"https:\/\/eldiariodesanpedro.com.ar\/sitio\/wp-json\/wp\/v2\/media\/132050"}],"wp:attachment":[{"href":"https:\/\/eldiariodesanpedro.com.ar\/sitio\/wp-json\/wp\/v2\/media?parent=146876"}],"wp:term":[{"taxonomy":"category","embeddable":true,"href":"https:\/\/eldiariodesanpedro.com.ar\/sitio\/wp-json\/wp\/v2\/categories?post=146876"},{"taxonomy":"post_tag","embeddable":true,"href":"https:\/\/eldiariodesanpedro.com.ar\/sitio\/wp-json\/wp\/v2\/tags?post=146876"}],"curies":[{"name":"wp","href":"https:\/\/api.w.org\/{rel}","templated":true}]}}