{"id":146875,"date":"2026-01-07T17:56:53","date_gmt":"2026-01-07T20:56:53","guid":{"rendered":"https:\/\/eldiariodesanpedro.com.ar\/sitio\/joven-de-15-anos-herida-de-bala-en-parana-detienen-a-dos-menores\/"},"modified":"2026-01-07T17:56:53","modified_gmt":"2026-01-07T20:56:53","slug":"joven-de-15-anos-herida-de-bala-en-parana-detienen-a-dos-menores","status":"publish","type":"post","link":"https:\/\/eldiariodesanpedro.com.ar\/sitio\/joven-de-15-anos-herida-de-bala-en-parana-detienen-a-dos-menores\/","title":{"rendered":"Joven de 15 A\u00f1os Herida de Bala en Paran\u00e1: Detienen a Dos Menores"},"content":{"rendered":"<p><!-- VideographyWP Plugin Message: Automatic video embedding prevented by plugin options. --><\/p>\n<p><strong>Una adolescente de 15 a\u00f1os<\/strong> fue gravemente herida tras recibir un disparo en la cabeza en la ciudad de <strong>Paran\u00e1<\/strong>. El hecho ocurri\u00f3 durante la noche del jueves en un barrio de la capital entrerriana, generando preocupaci\u00f3n entre los vecinos por la violencia registrada.<\/p>\n<p>De acuerdo a fuentes policiales, <strong>dos menores de edad<\/strong> fueron detenidos poco despu\u00e9s del incidente, se\u00f1alados como posibles responsables del ataque. La intervenci\u00f3n de las fuerzas de seguridad fue inmediata, luego de que se alertara sobre la presencia de una joven herida en la v\u00eda p\u00fablica.<\/p>\n<p>La v\u00edctima permanece internada en estado cr\u00edtico en el <strong>Hospital San Mart\u00edn<\/strong>, donde el equipo m\u00e9dico lucha por salvar su vida. El caso se encuentra bajo investigaci\u00f3n judicial para determinar las circunstancias exactas del suceso y las motivaciones del ataque.<\/p>\n","protected":false},"excerpt":{"rendered":"<p>Una adolescente sufri\u00f3 un grave disparo en la cabeza en Paran\u00e1. Dos menores fueron retenidos por la Polic\u00eda en relaci\u00f3n al incidente.<\/p>\n","protected":false},"author":1,"featured_media":146874,"comment_status":"","ping_status":"","sticky":false,"template":"","format":"standard","meta":{"om_disable_all_campaigns":false,"_jetpack_memberships_contains_paid_content":false,"footnotes":""},"categories":[3],"tags":[],"class_list":["post-146875","post","type-post","status-publish","format-standard","has-post-thumbnail","hentry","category-nacionales"],"aioseo_notices":[],"gutentor_comment":0,"jetpack_featured_media_url":"https:\/\/eldiariodesanpedro.com.ar\/sitio\/wp-content\/uploads\/2026\/01\/katherine-alva-la-adolescente-baleada-en-parana-pelea-por-su-vida-en-el-hospital-san-martin-foto-gentileza-elonce-NF6GZNLWKRCGDPVF4PNNR2QUEY.jpg","jetpack_shortlink":"https:\/\/wp.me\/p6RhLt-CcX","jetpack_sharing_enabled":true,"_links":{"self":[{"href":"https:\/\/eldiariodesanpedro.com.ar\/sitio\/wp-json\/wp\/v2\/posts\/146875","targetHints":{"allow":["GET"]}}],"collection":[{"href":"https:\/\/eldiariodesanpedro.com.ar\/sitio\/wp-json\/wp\/v2\/posts"}],"about":[{"href":"https:\/\/eldiariodesanpedro.com.ar\/sitio\/wp-json\/wp\/v2\/types\/post"}],"author":[{"embeddable":true,"href":"https:\/\/eldiariodesanpedro.com.ar\/sitio\/wp-json\/wp\/v2\/users\/1"}],"replies":[{"embeddable":true,"href":"https:\/\/eldiariodesanpedro.com.ar\/sitio\/wp-json\/wp\/v2\/comments?post=146875"}],"version-history":[{"count":0,"href":"https:\/\/eldiariodesanpedro.com.ar\/sitio\/wp-json\/wp\/v2\/posts\/146875\/revisions"}],"wp:featuredmedia":[{"embeddable":true,"href":"https:\/\/eldiariodesanpedro.com.ar\/sitio\/wp-json\/wp\/v2\/media\/146874"}],"wp:attachment":[{"href":"https:\/\/eldiariodesanpedro.com.ar\/sitio\/wp-json\/wp\/v2\/media?parent=146875"}],"wp:term":[{"taxonomy":"category","embeddable":true,"href":"https:\/\/eldiariodesanpedro.com.ar\/sitio\/wp-json\/wp\/v2\/categories?post=146875"},{"taxonomy":"post_tag","embeddable":true,"href":"https:\/\/eldiariodesanpedro.com.ar\/sitio\/wp-json\/wp\/v2\/tags?post=146875"}],"curies":[{"name":"wp","href":"https:\/\/api.w.org\/{rel}","templated":true}]}}