{"id":146869,"date":"2026-01-07T16:27:06","date_gmt":"2026-01-07T19:27:06","guid":{"rendered":"https:\/\/eldiariodesanpedro.com.ar\/sitio\/habla-la-mujer-vinculada-a-luciano-castro-tras-rumores-de-infidelidad-con-griselda-siciliani\/"},"modified":"2026-01-07T16:27:06","modified_gmt":"2026-01-07T19:27:06","slug":"habla-la-mujer-vinculada-a-luciano-castro-tras-rumores-de-infidelidad-con-griselda-siciliani","status":"publish","type":"post","link":"https:\/\/eldiariodesanpedro.com.ar\/sitio\/habla-la-mujer-vinculada-a-luciano-castro-tras-rumores-de-infidelidad-con-griselda-siciliani\/","title":{"rendered":"Habla la mujer vinculada a Luciano Castro tras rumores de infidelidad con Griselda Siciliani"},"content":{"rendered":"<p><!-- VideographyWP Plugin Message: Automatic video embedding prevented by plugin options. --><\/p>\n<p><strong>La protagonista se\u00f1alada como la supuesta responsable de una infidelidad en la pareja conformada por Luciano Castro y Griselda Siciliani decidi\u00f3 manifestarse p\u00fablicamente<\/strong> y responder ante las versiones que circularon en los \u00faltimos d\u00edas.<\/p>\n<p>La mujer, cuya identidad tom\u00f3 notoriedad tras convertirse en el centro de rumores medi\u00e1ticos, comparti\u00f3 su visi\u00f3n de lo sucedido e intent\u00f3 disipar las especulaciones surgidas en torno a la vida privada del conocido actor y la reconocida actriz.<\/p>\n<p><strong>El caso<\/strong> ha ganado atenci\u00f3n en el ambiente del espect\u00e1culo, causando repercusi\u00f3n tanto entre fan\u00e1ticos como en programas especializados, a la espera de mayores precisiones o nuevas declaraciones de sus protagonistas.<\/p>\n","protected":false},"excerpt":{"rendered":"<p>La mujer se\u00f1alada como tercera en discordia en la relaci\u00f3n entre Luciano Castro y Griselda Siciliani ofreci\u00f3 su versi\u00f3n de los hechos.<\/p>\n","protected":false},"author":1,"featured_media":146868,"comment_status":"","ping_status":"","sticky":false,"template":"","format":"standard","meta":{"om_disable_all_campaigns":false,"_jetpack_memberships_contains_paid_content":false,"footnotes":""},"categories":[3],"tags":[],"class_list":["post-146869","post","type-post","status-publish","format-standard","has-post-thumbnail","hentry","category-nacionales"],"aioseo_notices":[],"gutentor_comment":0,"jetpack_featured_media_url":"https:\/\/eldiariodesanpedro.com.ar\/sitio\/wp-content\/uploads\/2026\/01\/1-14-0n8QxL1767796690938-1767797073.jpg","jetpack_shortlink":"https:\/\/wp.me\/p6RhLt-CcR","jetpack_sharing_enabled":true,"_links":{"self":[{"href":"https:\/\/eldiariodesanpedro.com.ar\/sitio\/wp-json\/wp\/v2\/posts\/146869","targetHints":{"allow":["GET"]}}],"collection":[{"href":"https:\/\/eldiariodesanpedro.com.ar\/sitio\/wp-json\/wp\/v2\/posts"}],"about":[{"href":"https:\/\/eldiariodesanpedro.com.ar\/sitio\/wp-json\/wp\/v2\/types\/post"}],"author":[{"embeddable":true,"href":"https:\/\/eldiariodesanpedro.com.ar\/sitio\/wp-json\/wp\/v2\/users\/1"}],"replies":[{"embeddable":true,"href":"https:\/\/eldiariodesanpedro.com.ar\/sitio\/wp-json\/wp\/v2\/comments?post=146869"}],"version-history":[{"count":0,"href":"https:\/\/eldiariodesanpedro.com.ar\/sitio\/wp-json\/wp\/v2\/posts\/146869\/revisions"}],"wp:featuredmedia":[{"embeddable":true,"href":"https:\/\/eldiariodesanpedro.com.ar\/sitio\/wp-json\/wp\/v2\/media\/146868"}],"wp:attachment":[{"href":"https:\/\/eldiariodesanpedro.com.ar\/sitio\/wp-json\/wp\/v2\/media?parent=146869"}],"wp:term":[{"taxonomy":"category","embeddable":true,"href":"https:\/\/eldiariodesanpedro.com.ar\/sitio\/wp-json\/wp\/v2\/categories?post=146869"},{"taxonomy":"post_tag","embeddable":true,"href":"https:\/\/eldiariodesanpedro.com.ar\/sitio\/wp-json\/wp\/v2\/tags?post=146869"}],"curies":[{"name":"wp","href":"https:\/\/api.w.org\/{rel}","templated":true}]}}