{"id":146867,"date":"2026-01-07T15:56:55","date_gmt":"2026-01-07T18:56:55","guid":{"rendered":"https:\/\/eldiariodesanpedro.com.ar\/sitio\/un-joven-murio-tras-ser-atropellado-y-arrastrado-tres-cuadras-por-un-presunto-robo\/"},"modified":"2026-01-07T15:56:55","modified_gmt":"2026-01-07T18:56:55","slug":"un-joven-murio-tras-ser-atropellado-y-arrastrado-tres-cuadras-por-un-presunto-robo","status":"publish","type":"post","link":"https:\/\/eldiariodesanpedro.com.ar\/sitio\/un-joven-murio-tras-ser-atropellado-y-arrastrado-tres-cuadras-por-un-presunto-robo\/","title":{"rendered":"Un joven muri\u00f3 tras ser atropellado y arrastrado tres cuadras por un presunto robo"},"content":{"rendered":"<p><!-- VideographyWP Plugin Message: Automatic video embedding prevented by plugin options. --><\/p>\n<p><strong>Un joven de 26 a\u00f1os falleci\u00f3 tras pasar diez d\u00edas en estado cr\u00edtico<\/strong> luego de haber sido atropellado y arrastrado por m\u00e1s de tres cuadras en la ciudad de Mendoza, en un hecho que conmocion\u00f3 a la comunidad local.<\/p>\n<p>Todo comenz\u00f3 cuando un grupo de vecinos lo acus\u00f3 de haber cometido un robo. En ese contexto, fue perseguido y embestido por un veh\u00edculo, que posteriormente lo arrastr\u00f3 durante varias cuadras antes de huir del lugar.<\/p>\n<p>Tras el violento episodio, la v\u00edctima, identificada como <strong>Nicol\u00e1s Alejandro Varas Fr\u00edas<\/strong>, fue hospitalizada en grave estado en el Hospital Central de Mendoza y permaneci\u00f3 all\u00ed bajo cuidados intensivos. Sin embargo, pese a los esfuerzos m\u00e9dicos, <strong>falleci\u00f3 tras diez d\u00edas de agon\u00eda<\/strong>.<\/p>\n<p>El hecho est\u00e1 siendo investigado por la fiscal\u00eda local, que analiza las pruebas para dar con los responsables de este ataque. El caso reaviv\u00f3 el debate sobre los m\u00e9todos de autodefensa y justicia por mano propia en la sociedad mendocina.<\/p>\n","protected":false},"excerpt":{"rendered":"<p>Un joven perdi\u00f3 la vida tras agonizar diez d\u00edas, luego de ser arrollado y arrastrado por m\u00e1s de tres cuadras, acusado de robo.<\/p>\n","protected":false},"author":1,"featured_media":146866,"comment_status":"","ping_status":"","sticky":false,"template":"","format":"standard","meta":{"om_disable_all_campaigns":false,"_jetpack_memberships_contains_paid_content":false,"footnotes":""},"categories":[3],"tags":[],"class_list":["post-146867","post","type-post","status-publish","format-standard","has-post-thumbnail","hentry","category-nacionales"],"aioseo_notices":[],"gutentor_comment":0,"jetpack_featured_media_url":"https:\/\/eldiariodesanpedro.com.ar\/sitio\/wp-content\/uploads\/2026\/01\/murio-el-joven-atropellado-por-3-cuadras-nicolas-alejandro-varas-frias-foto-gentileza-mendoza-post-Q2O3DNKHNBAOLIEK35IWBWXURE.jpg","jetpack_shortlink":"https:\/\/wp.me\/p6RhLt-CcP","jetpack_sharing_enabled":true,"_links":{"self":[{"href":"https:\/\/eldiariodesanpedro.com.ar\/sitio\/wp-json\/wp\/v2\/posts\/146867","targetHints":{"allow":["GET"]}}],"collection":[{"href":"https:\/\/eldiariodesanpedro.com.ar\/sitio\/wp-json\/wp\/v2\/posts"}],"about":[{"href":"https:\/\/eldiariodesanpedro.com.ar\/sitio\/wp-json\/wp\/v2\/types\/post"}],"author":[{"embeddable":true,"href":"https:\/\/eldiariodesanpedro.com.ar\/sitio\/wp-json\/wp\/v2\/users\/1"}],"replies":[{"embeddable":true,"href":"https:\/\/eldiariodesanpedro.com.ar\/sitio\/wp-json\/wp\/v2\/comments?post=146867"}],"version-history":[{"count":0,"href":"https:\/\/eldiariodesanpedro.com.ar\/sitio\/wp-json\/wp\/v2\/posts\/146867\/revisions"}],"wp:featuredmedia":[{"embeddable":true,"href":"https:\/\/eldiariodesanpedro.com.ar\/sitio\/wp-json\/wp\/v2\/media\/146866"}],"wp:attachment":[{"href":"https:\/\/eldiariodesanpedro.com.ar\/sitio\/wp-json\/wp\/v2\/media?parent=146867"}],"wp:term":[{"taxonomy":"category","embeddable":true,"href":"https:\/\/eldiariodesanpedro.com.ar\/sitio\/wp-json\/wp\/v2\/categories?post=146867"},{"taxonomy":"post_tag","embeddable":true,"href":"https:\/\/eldiariodesanpedro.com.ar\/sitio\/wp-json\/wp\/v2\/tags?post=146867"}],"curies":[{"name":"wp","href":"https:\/\/api.w.org\/{rel}","templated":true}]}}