{"id":146863,"date":"2026-01-07T15:17:06","date_gmt":"2026-01-07T18:17:06","guid":{"rendered":"https:\/\/eldiariodesanpedro.com.ar\/sitio\/arrecifes-se-recupera-satisfactoriamente-el-rey-mago-que-sufrio-un-accidente-paracaidista\/"},"modified":"2026-01-07T15:17:06","modified_gmt":"2026-01-07T18:17:06","slug":"arrecifes-se-recupera-satisfactoriamente-el-rey-mago-que-sufrio-un-accidente-paracaidista","status":"publish","type":"post","link":"https:\/\/eldiariodesanpedro.com.ar\/sitio\/arrecifes-se-recupera-satisfactoriamente-el-rey-mago-que-sufrio-un-accidente-paracaidista\/","title":{"rendered":"ARRECIFES | Se Recupera Satisfactoriamente El Rey Mago Que Sufri\u00f3 Un Accidente Paracaidista"},"content":{"rendered":"<p><!-- VideographyWP Plugin Message: Automatic video embedding prevented by plugin options. --><\/p>\n<p><strong>El Rey Mago que sufri\u00f3 un accidente mientras realizaba un salto en paraca\u00eddas en Arrecifes<\/strong> muestra signos de recuperaci\u00f3n, seg\u00fan informaron fuentes m\u00e9dicas. El evento ocurri\u00f3 durante las festividades de Reyes Magos, cuando el hombre perdi\u00f3 el control en la maniobra de aterrizaje y fue r\u00e1pidamente trasladado a un centro de salud de la ciudad.<\/p>\n<p><strong>El paciente permanece bajo observaci\u00f3n<\/strong>, pero su evoluci\u00f3n es favorable y se espera que contin\u00fae progresando. La comunidad local sigue atenta a los partes m\u00e9dicos y expresa su acompa\u00f1amiento al protagonista del tradicional espect\u00e1culo.<\/p>\n","protected":false},"excerpt":{"rendered":"<p>El hombre que protagoniz\u00f3 la ca\u00edda durante la celebraci\u00f3n de Reyes Magos en Arrecifes se encuentra estable y presenta una evoluci\u00f3n positiva.<\/p>\n","protected":false},"author":4,"featured_media":146862,"comment_status":"","ping_status":"","sticky":false,"template":"","format":"standard","meta":{"om_disable_all_campaigns":false,"_jetpack_memberships_contains_paid_content":false,"footnotes":""},"categories":[621],"tags":[],"class_list":["post-146863","post","type-post","status-publish","format-standard","has-post-thumbnail","hentry","category-regionales"],"aioseo_notices":[],"gutentor_comment":0,"jetpack_featured_media_url":"https:\/\/eldiariodesanpedro.com.ar\/sitio\/wp-content\/uploads\/2026\/01\/paracaidista-caida-reyes-magos.webp","jetpack_shortlink":"https:\/\/wp.me\/p6RhLt-CcL","jetpack_sharing_enabled":true,"_links":{"self":[{"href":"https:\/\/eldiariodesanpedro.com.ar\/sitio\/wp-json\/wp\/v2\/posts\/146863","targetHints":{"allow":["GET"]}}],"collection":[{"href":"https:\/\/eldiariodesanpedro.com.ar\/sitio\/wp-json\/wp\/v2\/posts"}],"about":[{"href":"https:\/\/eldiariodesanpedro.com.ar\/sitio\/wp-json\/wp\/v2\/types\/post"}],"author":[{"embeddable":true,"href":"https:\/\/eldiariodesanpedro.com.ar\/sitio\/wp-json\/wp\/v2\/users\/4"}],"replies":[{"embeddable":true,"href":"https:\/\/eldiariodesanpedro.com.ar\/sitio\/wp-json\/wp\/v2\/comments?post=146863"}],"version-history":[{"count":0,"href":"https:\/\/eldiariodesanpedro.com.ar\/sitio\/wp-json\/wp\/v2\/posts\/146863\/revisions"}],"wp:featuredmedia":[{"embeddable":true,"href":"https:\/\/eldiariodesanpedro.com.ar\/sitio\/wp-json\/wp\/v2\/media\/146862"}],"wp:attachment":[{"href":"https:\/\/eldiariodesanpedro.com.ar\/sitio\/wp-json\/wp\/v2\/media?parent=146863"}],"wp:term":[{"taxonomy":"category","embeddable":true,"href":"https:\/\/eldiariodesanpedro.com.ar\/sitio\/wp-json\/wp\/v2\/categories?post=146863"},{"taxonomy":"post_tag","embeddable":true,"href":"https:\/\/eldiariodesanpedro.com.ar\/sitio\/wp-json\/wp\/v2\/tags?post=146863"}],"curies":[{"name":"wp","href":"https:\/\/api.w.org\/{rel}","templated":true}]}}