{"id":146861,"date":"2026-01-07T15:15:39","date_gmt":"2026-01-07T18:15:39","guid":{"rendered":"https:\/\/eldiariodesanpedro.com.ar\/sitio\/ramallo-preocupacion-en-ramallo-por-nuevas-subas-en-precios-de-combustibles\/"},"modified":"2026-01-07T15:15:39","modified_gmt":"2026-01-07T18:15:39","slug":"ramallo-preocupacion-en-ramallo-por-nuevas-subas-en-precios-de-combustibles","status":"publish","type":"post","link":"https:\/\/eldiariodesanpedro.com.ar\/sitio\/ramallo-preocupacion-en-ramallo-por-nuevas-subas-en-precios-de-combustibles\/","title":{"rendered":"RAMALLO | Preocupaci\u00f3n en Ramallo por nuevas subas en precios de combustibles"},"content":{"rendered":"<p><!-- VideographyWP Plugin Message: Automatic video embedding prevented by plugin options. --><\/p>\n<p><strong>Residentes de Ramallo manifestaron su descontento por los constantes incrementos en el precio de los combustibles<\/strong>, una situaci\u00f3n que impacta directamente en el bolsillo de los consumidores.<\/p>\n<p>En los \u00faltimos d\u00edas, se registraron nuevas subas en los surtidores de la localidad, lo que genera preocupaci\u00f3n entre automovilistas y comerciantes. Seg\u00fan testimonios locales, estos aumentos repercuten en el costo de vida, afectando tanto el transporte diario como los precios de productos y servicios.<\/p>\n<p><strong>El malestar crece mientras los residentes buscan alternativas para hacer frente a los gastos adicionales<\/strong>. Autoridades a\u00fan no brindaron declaraciones oficiales sobre posibles medidas para paliar la situaci\u00f3n.<\/p>\n","protected":false},"excerpt":{"rendered":"<p>Vecinos de Ramallo expresan su malestar ante los recientes aumentos en los combustibles, que afectan el costo de vida en la ciudad.<\/p>\n","protected":false},"author":4,"featured_media":146860,"comment_status":"","ping_status":"","sticky":false,"template":"","format":"standard","meta":{"om_disable_all_campaigns":false,"_jetpack_memberships_contains_paid_content":false,"footnotes":""},"categories":[621],"tags":[],"class_list":["post-146861","post","type-post","status-publish","format-standard","has-post-thumbnail","hentry","category-regionales"],"aioseo_notices":[],"gutentor_comment":0,"jetpack_featured_media_url":"https:\/\/eldiariodesanpedro.com.ar\/sitio\/wp-content\/uploads\/2026\/01\/Surtidor.jpg","jetpack_shortlink":"https:\/\/wp.me\/p6RhLt-CcJ","jetpack_sharing_enabled":true,"_links":{"self":[{"href":"https:\/\/eldiariodesanpedro.com.ar\/sitio\/wp-json\/wp\/v2\/posts\/146861","targetHints":{"allow":["GET"]}}],"collection":[{"href":"https:\/\/eldiariodesanpedro.com.ar\/sitio\/wp-json\/wp\/v2\/posts"}],"about":[{"href":"https:\/\/eldiariodesanpedro.com.ar\/sitio\/wp-json\/wp\/v2\/types\/post"}],"author":[{"embeddable":true,"href":"https:\/\/eldiariodesanpedro.com.ar\/sitio\/wp-json\/wp\/v2\/users\/4"}],"replies":[{"embeddable":true,"href":"https:\/\/eldiariodesanpedro.com.ar\/sitio\/wp-json\/wp\/v2\/comments?post=146861"}],"version-history":[{"count":0,"href":"https:\/\/eldiariodesanpedro.com.ar\/sitio\/wp-json\/wp\/v2\/posts\/146861\/revisions"}],"wp:featuredmedia":[{"embeddable":true,"href":"https:\/\/eldiariodesanpedro.com.ar\/sitio\/wp-json\/wp\/v2\/media\/146860"}],"wp:attachment":[{"href":"https:\/\/eldiariodesanpedro.com.ar\/sitio\/wp-json\/wp\/v2\/media?parent=146861"}],"wp:term":[{"taxonomy":"category","embeddable":true,"href":"https:\/\/eldiariodesanpedro.com.ar\/sitio\/wp-json\/wp\/v2\/categories?post=146861"},{"taxonomy":"post_tag","embeddable":true,"href":"https:\/\/eldiariodesanpedro.com.ar\/sitio\/wp-json\/wp\/v2\/tags?post=146861"}],"curies":[{"name":"wp","href":"https:\/\/api.w.org\/{rel}","templated":true}]}}