{"id":14683,"date":"2017-02-14T20:14:53","date_gmt":"2017-02-14T23:14:53","guid":{"rendered":"https:\/\/eldiariodesanpedro.com.ar\/sitio\/?p=14683"},"modified":"2017-02-14T20:14:53","modified_gmt":"2017-02-14T23:14:53","slug":"concluyo-la-final-nacional-del-pre-festival-baradero-2017","status":"publish","type":"post","link":"https:\/\/eldiariodesanpedro.com.ar\/sitio\/concluyo-la-final-nacional-del-pre-festival-baradero-2017\/","title":{"rendered":"Concluy\u00f3 la Final Nacional del Pre Festival Baradero 2017"},"content":{"rendered":"<p><!-- VideographyWP Plugin Message: Automatic video embedding prevented by plugin options. --><br \/>\nPese al desfavorable pron\u00f3stico del tiempo que deriv\u00f3 en que la \u00faltima jornada de la Final Nacional del Pre Festival Baradero 2017 se realice en la sede del Club Atl\u00e9tico, el cierre del evento fue con un total \u00e9xito donde los concursantes evidenciaron el majestuoso nivel art\u00edstico que hizo que -nuevamente- los jurados tengan una ardua tarea en la elecci\u00f3n de los ganadores.<\/p>\n<p>En esta ocasi\u00f3n, fueron cinco los rubros que tuvieron lugar, recibiendo cada uno de los artistas la notable ovaci\u00f3n por el oficio, la creatividad y el talento plasmado.<\/p>\n<p>De este modo, lleg\u00f3 a su fin la edici\u00f3n del Pre Festival que abre las puertas al 43\u00b0 Festival Nacional de M\u00fasica Popular Argentina a desarrollarse el jueves 16, el viernes 17, el s\u00e1bado 18 y el domingo 19 de febrero con artistas reconocidos y con los flamantes talentos.<\/p>\n<p><strong>Los ganadores del domingo<\/strong><\/p>\n<p>Malambo sure\u00f1o \u2013 Miguel Zamorano (Catamarca)<br \/>\nSolista vocal femenino de folclore \u2013 Antonella Acosta (Chaco)<br \/>\nPareja de zamba estilizada \u2013 Nievas y Espinosa (Neuqu\u00e9n)<br \/>\nSolista vocal masculino de tango \u2013 Cau (Salta)<br \/>\nPareja de tango tradicional \u2013 Casco y Montenegro (Chaco)<\/p>\n<p>Fuente: Baradero Te Informa.<\/p>\n","protected":false},"excerpt":{"rendered":"<p>Pese al desfavorable pron\u00f3stico del tiempo que deriv\u00f3 en que la \u00faltima jornada de la Final Nacional del Pre Festival Baradero 2017 se realice en la sede del Club Atl\u00e9tico, el cierre del evento fue con un total \u00e9xito donde los concursantes evidenciaron el majestuoso nivel art\u00edstico que hizo que -nuevamente- los jurados tengan una [&hellip;]<\/p>\n","protected":false},"author":4,"featured_media":14684,"comment_status":"open","ping_status":"closed","sticky":false,"template":"","format":"standard","meta":{"om_disable_all_campaigns":false,"_jetpack_memberships_contains_paid_content":false,"footnotes":""},"categories":[621],"tags":[],"class_list":["post-14683","post","type-post","status-publish","format-standard","has-post-thumbnail","hentry","category-regionales"],"aioseo_notices":[],"gutentor_comment":0,"jetpack_featured_media_url":"https:\/\/eldiariodesanpedro.com.ar\/sitio\/wp-content\/uploads\/2017\/02\/Pre-Festival-cont\u00f3-con-una-gran-cantidad-de-espectadores-que-presenciaron-en-el-Anfiteatro-Municipal.jpg","jetpack_shortlink":"https:\/\/wp.me\/p6RhLt-3OP","jetpack_sharing_enabled":true,"_links":{"self":[{"href":"https:\/\/eldiariodesanpedro.com.ar\/sitio\/wp-json\/wp\/v2\/posts\/14683","targetHints":{"allow":["GET"]}}],"collection":[{"href":"https:\/\/eldiariodesanpedro.com.ar\/sitio\/wp-json\/wp\/v2\/posts"}],"about":[{"href":"https:\/\/eldiariodesanpedro.com.ar\/sitio\/wp-json\/wp\/v2\/types\/post"}],"author":[{"embeddable":true,"href":"https:\/\/eldiariodesanpedro.com.ar\/sitio\/wp-json\/wp\/v2\/users\/4"}],"replies":[{"embeddable":true,"href":"https:\/\/eldiariodesanpedro.com.ar\/sitio\/wp-json\/wp\/v2\/comments?post=14683"}],"version-history":[{"count":1,"href":"https:\/\/eldiariodesanpedro.com.ar\/sitio\/wp-json\/wp\/v2\/posts\/14683\/revisions"}],"predecessor-version":[{"id":14685,"href":"https:\/\/eldiariodesanpedro.com.ar\/sitio\/wp-json\/wp\/v2\/posts\/14683\/revisions\/14685"}],"wp:featuredmedia":[{"embeddable":true,"href":"https:\/\/eldiariodesanpedro.com.ar\/sitio\/wp-json\/wp\/v2\/media\/14684"}],"wp:attachment":[{"href":"https:\/\/eldiariodesanpedro.com.ar\/sitio\/wp-json\/wp\/v2\/media?parent=14683"}],"wp:term":[{"taxonomy":"category","embeddable":true,"href":"https:\/\/eldiariodesanpedro.com.ar\/sitio\/wp-json\/wp\/v2\/categories?post=14683"},{"taxonomy":"post_tag","embeddable":true,"href":"https:\/\/eldiariodesanpedro.com.ar\/sitio\/wp-json\/wp\/v2\/tags?post=14683"}],"curies":[{"name":"wp","href":"https:\/\/api.w.org\/{rel}","templated":true}]}}