{"id":146818,"date":"2026-01-07T09:52:16","date_gmt":"2026-01-07T12:52:16","guid":{"rendered":"https:\/\/eldiariodesanpedro.com.ar\/sitio\/?p=146818"},"modified":"2026-01-07T09:54:26","modified_gmt":"2026-01-07T12:54:26","slug":"incendio-destruyo-por-completo-un-automovil-en-la-ruta-191","status":"publish","type":"post","link":"https:\/\/eldiariodesanpedro.com.ar\/sitio\/incendio-destruyo-por-completo-un-automovil-en-la-ruta-191\/","title":{"rendered":"Incendio destruy\u00f3 por completo un autom\u00f3vil en la ruta 191"},"content":{"rendered":"<!-- VideographyWP Plugin Message: Automatic video embedding prevented by plugin options. -->\n\n<p>Un veh\u00edculo fue consumido por el fuego en la noche del martes sobre la ruta 191. Bomberos Voluntarios intervinieron de urgencia y las p\u00e9rdidas fueron totales.<\/p>\n\n\n\n<p>En la <strong>noche del martes<\/strong>, alrededor de las <strong>21:30<\/strong>, se registr\u00f3 un <strong>siniestro vial con incendio<\/strong> que termin\u00f3 con un <strong>autom\u00f3vil completamente destruido<\/strong> por las llamas. El hecho ocurri\u00f3 sobre la <strong>ruta 191<\/strong>, a la altura de <strong>la curva conocida como \u201cLos Dos Machos\u201d<\/strong>, pasando la denominada <strong>\u201ccurva de la muerte\u201d<\/strong>.<\/p>\n\n\n\n<p>Seg\u00fan se inform\u00f3, el rodado involucrado ser\u00eda un <strong>Volkswagen Vento<\/strong> que <strong>circulaba por la ruta cuando, por un presunto desperfecto el\u00e9ctrico, se inici\u00f3 el incendio<\/strong>. A pesar de la <strong>r\u00e1pida intervenci\u00f3n de los Bomberos Voluntarios de San Pedro<\/strong>, el fuego <strong>avanz\u00f3 con gran intensidad<\/strong> y provoc\u00f3 la <strong>destrucci\u00f3n total del veh\u00edculo<\/strong>.<\/p>\n\n\n\n<p>En el lugar tambi\u00e9n se hizo presente una <strong>ambulancia del SAME<\/strong>, que <strong>asisti\u00f3 al conductor<\/strong>, quien <strong>sufri\u00f3 un ataque de nervios<\/strong> pero <strong>no requiri\u00f3 traslado<\/strong> al hospital.<\/p>\n\n\n\n<p>Las <strong>causas del siniestro<\/strong> quedaron <strong>bajo an\u00e1lisis<\/strong>, mientras se destac\u00f3 la <strong>r\u00e1pida respuesta de los servicios de emergencia<\/strong> para controlar la situaci\u00f3n y evitar riesgos mayores en la zona.<\/p>\n\n\n\n<iframe data-src=\"https:\/\/www.facebook.com\/plugins\/video.php?height=314&#038;href=https%3A%2F%2Fwww.facebook.com%2Freel%2F862696939801688%2F&#038;show_text=false&#038;width=560&#038;t=0\" width=\"560\" height=\"314\" style=\"border:none;overflow:hidden\" scrolling=\"no\" frameborder=\"0\" allowfullscreen=\"true\" allow=\"autoplay; clipboard-write; encrypted-media; picture-in-picture; web-share\" allowFullScreen=\"true\" src=\"data:image\/svg+xml;base64,PHN2ZyB3aWR0aD0iMSIgaGVpZ2h0PSIxIiB4bWxucz0iaHR0cDovL3d3dy53My5vcmcvMjAwMC9zdmciPjwvc3ZnPg==\" class=\"lazyload\" data-load-mode=\"1\"><\/iframe>\n","protected":false},"excerpt":{"rendered":"<p>Un veh\u00edculo fue consumido por el fuego en la noche del martes sobre la ruta 191. Bomberos Voluntarios intervinieron de urgencia y las p\u00e9rdidas fueron totales. En la noche del martes, alrededor de las 21:30, se registr\u00f3 un siniestro vial con incendio que termin\u00f3 con un autom\u00f3vil completamente destruido por las llamas. El hecho ocurri\u00f3 [&hellip;]<\/p>\n","protected":false},"author":4,"featured_media":146819,"comment_status":"closed","ping_status":"closed","sticky":false,"template":"","format":"standard","meta":{"om_disable_all_campaigns":false,"_jetpack_memberships_contains_paid_content":false,"footnotes":""},"categories":[50,2,103],"tags":[981,8155,5480,25,1826,5417,8156],"class_list":["post-146818","post","type-post","status-publish","format-standard","has-post-thumbnail","hentry","category-destacadas","category-locales","category-policiales-locales","tag-bomberos-voluntarios","tag-incendio-automovil","tag-perdidas-totales-2","tag-ruta-191","tag-same","tag-siniestro-vial","tag-volkswagen-vento"],"aioseo_notices":[],"gutentor_comment":0,"jetpack_featured_media_url":"https:\/\/eldiariodesanpedro.com.ar\/sitio\/wp-content\/uploads\/2026\/01\/Snapshot_1.jpg","jetpack_shortlink":"https:\/\/wp.me\/p6RhLt-Cc2","jetpack_sharing_enabled":true,"_links":{"self":[{"href":"https:\/\/eldiariodesanpedro.com.ar\/sitio\/wp-json\/wp\/v2\/posts\/146818","targetHints":{"allow":["GET"]}}],"collection":[{"href":"https:\/\/eldiariodesanpedro.com.ar\/sitio\/wp-json\/wp\/v2\/posts"}],"about":[{"href":"https:\/\/eldiariodesanpedro.com.ar\/sitio\/wp-json\/wp\/v2\/types\/post"}],"author":[{"embeddable":true,"href":"https:\/\/eldiariodesanpedro.com.ar\/sitio\/wp-json\/wp\/v2\/users\/4"}],"replies":[{"embeddable":true,"href":"https:\/\/eldiariodesanpedro.com.ar\/sitio\/wp-json\/wp\/v2\/comments?post=146818"}],"version-history":[{"count":2,"href":"https:\/\/eldiariodesanpedro.com.ar\/sitio\/wp-json\/wp\/v2\/posts\/146818\/revisions"}],"predecessor-version":[{"id":146821,"href":"https:\/\/eldiariodesanpedro.com.ar\/sitio\/wp-json\/wp\/v2\/posts\/146818\/revisions\/146821"}],"wp:featuredmedia":[{"embeddable":true,"href":"https:\/\/eldiariodesanpedro.com.ar\/sitio\/wp-json\/wp\/v2\/media\/146819"}],"wp:attachment":[{"href":"https:\/\/eldiariodesanpedro.com.ar\/sitio\/wp-json\/wp\/v2\/media?parent=146818"}],"wp:term":[{"taxonomy":"category","embeddable":true,"href":"https:\/\/eldiariodesanpedro.com.ar\/sitio\/wp-json\/wp\/v2\/categories?post=146818"},{"taxonomy":"post_tag","embeddable":true,"href":"https:\/\/eldiariodesanpedro.com.ar\/sitio\/wp-json\/wp\/v2\/tags?post=146818"}],"curies":[{"name":"wp","href":"https:\/\/api.w.org\/{rel}","templated":true}]}}