{"id":146815,"date":"2026-01-07T09:09:29","date_gmt":"2026-01-07T12:09:29","guid":{"rendered":"https:\/\/eldiariodesanpedro.com.ar\/sitio\/?p=146815"},"modified":"2026-01-07T09:09:34","modified_gmt":"2026-01-07T12:09:34","slug":"recuperan-un-automovil-robado-tras-un-choque-y-un-principio-de-incendio","status":"publish","type":"post","link":"https:\/\/eldiariodesanpedro.com.ar\/sitio\/recuperan-un-automovil-robado-tras-un-choque-y-un-principio-de-incendio\/","title":{"rendered":"Recuperan un autom\u00f3vil robado tras un choque y un principio de incendio"},"content":{"rendered":"<!-- VideographyWP Plugin Message: Automatic video embedding prevented by plugin options. -->\n\n<p>El veh\u00edculo fue hallado en la madrugada tras una alerta al 911, sin ocupantes, con da\u00f1os y un foco \u00edgneo que fue controlado por Bomberos.<\/p>\n\n\n\n<p>En la <strong>madrugada de este martes<\/strong>, <strong>personal policial<\/strong> acudi\u00f3 a un llamado del <strong>servicio de emergencias 911<\/strong> que alertaba sobre un <strong>autom\u00f3vil que hab\u00eda colisionado contra un puesto de alumbrado p\u00fablico<\/strong> en la intersecci\u00f3n de <strong>Casella y Cruz Roja<\/strong>.<\/p>\n\n\n\n<p>Al <strong>arribo de los efectivos<\/strong>, el <strong>rodado se encontraba sin ocupantes<\/strong> y se constat\u00f3 que en el <strong>asiento del acompa\u00f1ante se iniciaba un foco \u00edgneo<\/strong>. Ante esta situaci\u00f3n, se solicit\u00f3 la presencia de <strong>Bomberos Voluntarios<\/strong>, quienes <strong>lograron extinguir r\u00e1pidamente el principio de incendio<\/strong>, evitando mayores da\u00f1os.<\/p>\n\n\n\n<p>Tras las <strong>tareas investigativas<\/strong> realizadas en el lugar, se estableci\u00f3 que el <strong>veh\u00edculo hab\u00eda sido sustra\u00eddo minutos antes de la v\u00eda p\u00fablica<\/strong>, por lo que qued\u00f3 <strong>formalmente recuperado<\/strong>. En el hecho <strong>interviene la UFI N\u00b0 11 de San Pedro<\/strong>, que dispuso las actuaciones correspondientes para avanzar con la investigaci\u00f3n.<\/p>\n","protected":false},"excerpt":{"rendered":"<p>El veh\u00edculo fue hallado en la madrugada tras una alerta al 911, sin ocupantes, con da\u00f1os y un foco \u00edgneo que fue controlado por Bomberos. En la madrugada de este martes, personal policial acudi\u00f3 a un llamado del servicio de emergencias 911 que alertaba sobre un autom\u00f3vil que hab\u00eda colisionado contra un puesto de alumbrado [&hellip;]<\/p>\n","protected":false},"author":4,"featured_media":146816,"comment_status":"closed","ping_status":"closed","sticky":false,"template":"","format":"standard","meta":{"om_disable_all_campaigns":false,"_jetpack_memberships_contains_paid_content":false,"footnotes":""},"categories":[101,2],"tags":[8152,981,8154,7436,1924,1736,8153,5682],"class_list":["post-146815","post","type-post","status-publish","format-standard","has-post-thumbnail","hentry","category-interes-general-locales","category-locales","tag-automovil-recuperado","tag-bomberos-voluntarios","tag-choque-contra-poste","tag-emergencia-911","tag-policia-bonaerense","tag-principio-de-incendio","tag-robo-de-auto","tag-ufi-11-san-pedro"],"aioseo_notices":[],"gutentor_comment":0,"jetpack_featured_media_url":"https:\/\/eldiariodesanpedro.com.ar\/sitio\/wp-content\/uploads\/2026\/01\/medida-13.jpg","jetpack_shortlink":"https:\/\/wp.me\/p6RhLt-CbZ","jetpack_sharing_enabled":true,"_links":{"self":[{"href":"https:\/\/eldiariodesanpedro.com.ar\/sitio\/wp-json\/wp\/v2\/posts\/146815","targetHints":{"allow":["GET"]}}],"collection":[{"href":"https:\/\/eldiariodesanpedro.com.ar\/sitio\/wp-json\/wp\/v2\/posts"}],"about":[{"href":"https:\/\/eldiariodesanpedro.com.ar\/sitio\/wp-json\/wp\/v2\/types\/post"}],"author":[{"embeddable":true,"href":"https:\/\/eldiariodesanpedro.com.ar\/sitio\/wp-json\/wp\/v2\/users\/4"}],"replies":[{"embeddable":true,"href":"https:\/\/eldiariodesanpedro.com.ar\/sitio\/wp-json\/wp\/v2\/comments?post=146815"}],"version-history":[{"count":1,"href":"https:\/\/eldiariodesanpedro.com.ar\/sitio\/wp-json\/wp\/v2\/posts\/146815\/revisions"}],"predecessor-version":[{"id":146817,"href":"https:\/\/eldiariodesanpedro.com.ar\/sitio\/wp-json\/wp\/v2\/posts\/146815\/revisions\/146817"}],"wp:featuredmedia":[{"embeddable":true,"href":"https:\/\/eldiariodesanpedro.com.ar\/sitio\/wp-json\/wp\/v2\/media\/146816"}],"wp:attachment":[{"href":"https:\/\/eldiariodesanpedro.com.ar\/sitio\/wp-json\/wp\/v2\/media?parent=146815"}],"wp:term":[{"taxonomy":"category","embeddable":true,"href":"https:\/\/eldiariodesanpedro.com.ar\/sitio\/wp-json\/wp\/v2\/categories?post=146815"},{"taxonomy":"post_tag","embeddable":true,"href":"https:\/\/eldiariodesanpedro.com.ar\/sitio\/wp-json\/wp\/v2\/tags?post=146815"}],"curies":[{"name":"wp","href":"https:\/\/api.w.org\/{rel}","templated":true}]}}