{"id":146812,"date":"2026-01-07T08:51:13","date_gmt":"2026-01-07T11:51:13","guid":{"rendered":"https:\/\/eldiariodesanpedro.com.ar\/sitio\/?p=146812"},"modified":"2026-01-07T08:51:18","modified_gmt":"2026-01-07T11:51:18","slug":"averiguacion-de-paradero-buscan-intensamente-a-una-menor-de-12-anos","status":"publish","type":"post","link":"https:\/\/eldiariodesanpedro.com.ar\/sitio\/averiguacion-de-paradero-buscan-intensamente-a-una-menor-de-12-anos\/","title":{"rendered":"Averiguaci\u00f3n de paradero: buscan intensamente a una menor de 12 a\u00f1os"},"content":{"rendered":"<!-- VideographyWP Plugin Message: Automatic video embedding prevented by plugin options. -->\n\n<p>La polic\u00eda investiga la desaparici\u00f3n de <strong>Zamara P\u00e9rez<\/strong>, de <strong>12 a\u00f1os<\/strong>, quien se ausent\u00f3 de su domicilio y no regres\u00f3. Interviene la <strong>UFI N\u00b0 11<\/strong>.<\/p>\n\n\n\n<p>En el marco de una <strong>Investigaci\u00f3n Penal Preparatoria<\/strong> caratulada <strong>\u201cAveriguaci\u00f3n de paradero\u201d<\/strong>, se inici\u00f3 la <strong>b\u00fasqueda de Zamara P\u00e9rez<\/strong>, una <strong>menor de 12 a\u00f1os<\/strong> cuyo paradero es desconocido desde este <strong>martes 6 de enero de 2026<\/strong>.<\/p>\n\n\n\n<p>Seg\u00fan informaron fuentes oficiales, <strong>la ni\u00f1a se retir\u00f3 de su domicilio y no volvi\u00f3<\/strong>, por lo que se dio inmediata intervenci\u00f3n a la <strong>Unidad Funcional de Instrucci\u00f3n y Juicio N\u00b0 11<\/strong> del <strong>Departamento Judicial San Nicol\u00e1s<\/strong>.<\/p>\n\n\n\n<p>Zamara mide aproximadamente <strong>1,20 metros<\/strong>, es de <strong>tez morena<\/strong>, <strong>contextura delgada<\/strong>, tiene <strong>cabello largo, lacio y negro, con flequillo<\/strong>. Al momento de ausentarse vest\u00eda <strong>short de jeans azul<\/strong>, <strong>zapatillas blancas con tira rosa<\/strong>, <strong>remera azul<\/strong> y <strong>buzo negro<\/strong>. Se indic\u00f3 adem\u00e1s que <strong>no es la primera vez que se activa un pedido de averiguaci\u00f3n de paradero<\/strong> por esta menor.<\/p>\n\n\n\n<p>Las autoridades solicitan a la comunidad que <strong>ante cualquier dato que permita dar con su paradero<\/strong>, se comuniquen de inmediato con los siguientes n\u00fameros:<\/p>\n\n\n\n<ul class=\"wp-block-list\">\n<li><strong>DDI Baradero:<\/strong> 03329-488917<\/li>\n\n\n\n<li><strong>Comisar\u00eda de San Pedro:<\/strong> 03329-425221<\/li>\n<\/ul>\n\n\n\n<p>La causa se encuentra a cargo de la <strong>Subdelegaci\u00f3n Departamental de Investigaciones Baradero<\/strong>, que contin\u00faa con las tareas investigativas y de b\u00fasqueda.<\/p>\n","protected":false},"excerpt":{"rendered":"<p>La polic\u00eda investiga la desaparici\u00f3n de Zamara P\u00e9rez, de 12 a\u00f1os, quien se ausent\u00f3 de su domicilio y no regres\u00f3. Interviene la UFI N\u00b0 11. En el marco de una Investigaci\u00f3n Penal Preparatoria caratulada \u201cAveriguaci\u00f3n de paradero\u201d, se inici\u00f3 la b\u00fasqueda de Zamara P\u00e9rez, una menor de 12 a\u00f1os cuyo paradero es desconocido desde este [&hellip;]<\/p>\n","protected":false},"author":4,"featured_media":146813,"comment_status":"closed","ping_status":"closed","sticky":false,"template":"","format":"standard","meta":{"om_disable_all_campaigns":false,"_jetpack_memberships_contains_paid_content":false,"footnotes":""},"categories":[50,2,103],"tags":[],"class_list":["post-146812","post","type-post","status-publish","format-standard","has-post-thumbnail","hentry","category-destacadas","category-locales","category-policiales-locales"],"aioseo_notices":[],"gutentor_comment":0,"jetpack_featured_media_url":"https:\/\/eldiariodesanpedro.com.ar\/sitio\/wp-content\/uploads\/2026\/01\/medida-12.jpg","jetpack_shortlink":"https:\/\/wp.me\/p6RhLt-CbW","jetpack_sharing_enabled":true,"_links":{"self":[{"href":"https:\/\/eldiariodesanpedro.com.ar\/sitio\/wp-json\/wp\/v2\/posts\/146812","targetHints":{"allow":["GET"]}}],"collection":[{"href":"https:\/\/eldiariodesanpedro.com.ar\/sitio\/wp-json\/wp\/v2\/posts"}],"about":[{"href":"https:\/\/eldiariodesanpedro.com.ar\/sitio\/wp-json\/wp\/v2\/types\/post"}],"author":[{"embeddable":true,"href":"https:\/\/eldiariodesanpedro.com.ar\/sitio\/wp-json\/wp\/v2\/users\/4"}],"replies":[{"embeddable":true,"href":"https:\/\/eldiariodesanpedro.com.ar\/sitio\/wp-json\/wp\/v2\/comments?post=146812"}],"version-history":[{"count":1,"href":"https:\/\/eldiariodesanpedro.com.ar\/sitio\/wp-json\/wp\/v2\/posts\/146812\/revisions"}],"predecessor-version":[{"id":146814,"href":"https:\/\/eldiariodesanpedro.com.ar\/sitio\/wp-json\/wp\/v2\/posts\/146812\/revisions\/146814"}],"wp:featuredmedia":[{"embeddable":true,"href":"https:\/\/eldiariodesanpedro.com.ar\/sitio\/wp-json\/wp\/v2\/media\/146813"}],"wp:attachment":[{"href":"https:\/\/eldiariodesanpedro.com.ar\/sitio\/wp-json\/wp\/v2\/media?parent=146812"}],"wp:term":[{"taxonomy":"category","embeddable":true,"href":"https:\/\/eldiariodesanpedro.com.ar\/sitio\/wp-json\/wp\/v2\/categories?post=146812"},{"taxonomy":"post_tag","embeddable":true,"href":"https:\/\/eldiariodesanpedro.com.ar\/sitio\/wp-json\/wp\/v2\/tags?post=146812"}],"curies":[{"name":"wp","href":"https:\/\/api.w.org\/{rel}","templated":true}]}}