{"id":146808,"date":"2026-01-06T21:00:46","date_gmt":"2026-01-07T00:00:46","guid":{"rendered":"https:\/\/eldiariodesanpedro.com.ar\/sitio\/violento-enfrentamiento-en-una-playa-de-parana-un-hombre-resulto-herido-de-gravedad\/"},"modified":"2026-01-06T21:00:46","modified_gmt":"2026-01-07T00:00:46","slug":"violento-enfrentamiento-en-una-playa-de-parana-un-hombre-resulto-herido-de-gravedad","status":"publish","type":"post","link":"https:\/\/eldiariodesanpedro.com.ar\/sitio\/violento-enfrentamiento-en-una-playa-de-parana-un-hombre-resulto-herido-de-gravedad\/","title":{"rendered":"Violento Enfrentamiento en una Playa de Paran\u00e1: Un Hombre Result\u00f3 Herido de Gravedad"},"content":{"rendered":"<p><!-- VideographyWP Plugin Message: Automatic video embedding prevented by plugin options. --><\/p>\n<p>Un grave episodio de violencia se registr\u00f3 en una playa de la ciudad de <strong>Paran\u00e1<\/strong>, donde se produjo una pelea en la que varias personas participaron activamente.<\/p>\n<p>Durante la <strong>batalla campal<\/strong>, un hombre fue herido con un arma blanca y debi\u00f3 recibir atenci\u00f3n m\u00e9dica inmediata. Debido a la profundidad de las lesiones, fue trasladado de urgencia al hospital local.<\/p>\n<p>Las autoridades investigan los motivos que desencadenaron el incidente y trabajan para identificar a los involucrados, mientras que la v\u00edctima permanece bajo cuidado m\u00e9dico.<\/p>\n","protected":false},"excerpt":{"rendered":"<p>Un enfrentamiento en una playa de Paran\u00e1 dej\u00f3 como saldo un hombre apu\u00f1alado que debi\u00f3 ser asistido y derivado de urgencia al hospital.<\/p>\n","protected":false},"author":1,"featured_media":146807,"comment_status":"","ping_status":"","sticky":false,"template":"","format":"standard","meta":{"om_disable_all_campaigns":false,"_jetpack_memberships_contains_paid_content":false,"footnotes":""},"categories":[3],"tags":[],"class_list":["post-146808","post","type-post","status-publish","format-standard","has-post-thumbnail","hentry","category-nacionales"],"aioseo_notices":[],"gutentor_comment":0,"jetpack_featured_media_url":"https:\/\/eldiariodesanpedro.com.ar\/sitio\/wp-content\/uploads\/2026\/01\/1-14-oPYutZ1767699178306-1767701092.jpg","jetpack_shortlink":"https:\/\/wp.me\/p6RhLt-CbS","jetpack_sharing_enabled":true,"_links":{"self":[{"href":"https:\/\/eldiariodesanpedro.com.ar\/sitio\/wp-json\/wp\/v2\/posts\/146808","targetHints":{"allow":["GET"]}}],"collection":[{"href":"https:\/\/eldiariodesanpedro.com.ar\/sitio\/wp-json\/wp\/v2\/posts"}],"about":[{"href":"https:\/\/eldiariodesanpedro.com.ar\/sitio\/wp-json\/wp\/v2\/types\/post"}],"author":[{"embeddable":true,"href":"https:\/\/eldiariodesanpedro.com.ar\/sitio\/wp-json\/wp\/v2\/users\/1"}],"replies":[{"embeddable":true,"href":"https:\/\/eldiariodesanpedro.com.ar\/sitio\/wp-json\/wp\/v2\/comments?post=146808"}],"version-history":[{"count":0,"href":"https:\/\/eldiariodesanpedro.com.ar\/sitio\/wp-json\/wp\/v2\/posts\/146808\/revisions"}],"wp:featuredmedia":[{"embeddable":true,"href":"https:\/\/eldiariodesanpedro.com.ar\/sitio\/wp-json\/wp\/v2\/media\/146807"}],"wp:attachment":[{"href":"https:\/\/eldiariodesanpedro.com.ar\/sitio\/wp-json\/wp\/v2\/media?parent=146808"}],"wp:term":[{"taxonomy":"category","embeddable":true,"href":"https:\/\/eldiariodesanpedro.com.ar\/sitio\/wp-json\/wp\/v2\/categories?post=146808"},{"taxonomy":"post_tag","embeddable":true,"href":"https:\/\/eldiariodesanpedro.com.ar\/sitio\/wp-json\/wp\/v2\/tags?post=146808"}],"curies":[{"name":"wp","href":"https:\/\/api.w.org\/{rel}","templated":true}]}}