{"id":146806,"date":"2026-01-06T20:30:43","date_gmt":"2026-01-06T23:30:43","guid":{"rendered":"https:\/\/eldiariodesanpedro.com.ar\/sitio\/una-mujer-denuncio-a-su-esposo-por-agresion-con-un-latigo-tras-una-discusion-domestica\/"},"modified":"2026-01-06T20:30:43","modified_gmt":"2026-01-06T23:30:43","slug":"una-mujer-denuncio-a-su-esposo-por-agresion-con-un-latigo-tras-una-discusion-domestica","status":"publish","type":"post","link":"https:\/\/eldiariodesanpedro.com.ar\/sitio\/una-mujer-denuncio-a-su-esposo-por-agresion-con-un-latigo-tras-una-discusion-domestica\/","title":{"rendered":"Una Mujer Denunci\u00f3 a su Esposo por Agresi\u00f3n con un L\u00e1tigo tras una Discusi\u00f3n Dom\u00e9stica"},"content":{"rendered":"<p><!-- VideographyWP Plugin Message: Automatic video embedding prevented by plugin options. --><\/p>\n<p>Una situaci\u00f3n de violencia dom\u00e9stica se registr\u00f3 cuando <strong>una mujer acus\u00f3 a su esposo de agredirla f\u00edsicamente con un l\u00e1tigo<\/strong> luego de que ambos discutieran por la manera en que ella le prepar\u00f3 un mate. <\/p>\n<p>La v\u00edctima radic\u00f3 la denuncia en la <strong>Comisar\u00eda N\u00b02 de la Mujer y la Familia<\/strong>. Seg\u00fan sus declaraciones, el agresor reaccion\u00f3 violentamente tras un intercambio de palabras, lo que deriv\u00f3 en la mencionada agresi\u00f3n.<\/p>\n<p>Las autoridades tomaron intervenci\u00f3n y ya se iniciaron las actuaciones correspondientes para determinar las responsabilidades y resguardar la integridad de la denunciante.<\/p>\n","protected":false},"excerpt":{"rendered":"<p>Una mujer present\u00f3 una denuncia contra su esposo, quien la habr\u00eda agredido con un l\u00e1tigo durante una discusi\u00f3n por c\u00f3mo le sirvi\u00f3 un mate.<\/p>\n","protected":false},"author":1,"featured_media":146805,"comment_status":"","ping_status":"","sticky":false,"template":"","format":"standard","meta":{"om_disable_all_campaigns":false,"_jetpack_memberships_contains_paid_content":false,"footnotes":""},"categories":[3],"tags":[],"class_list":["post-146806","post","type-post","status-publish","format-standard","has-post-thumbnail","hentry","category-nacionales"],"aioseo_notices":[],"gutentor_comment":0,"jetpack_featured_media_url":"https:\/\/eldiariodesanpedro.com.ar\/sitio\/wp-content\/uploads\/2026\/01\/la-mujer-radico-la-denuncia-en-la-comisaria-no2-de-la-mujer-y-la-familia-foto-facebook-385noticias-3TUFDHLJHRFPVIMQJ6MDFA7TFY.jpg","jetpack_shortlink":"https:\/\/wp.me\/p6RhLt-CbQ","jetpack_sharing_enabled":true,"_links":{"self":[{"href":"https:\/\/eldiariodesanpedro.com.ar\/sitio\/wp-json\/wp\/v2\/posts\/146806","targetHints":{"allow":["GET"]}}],"collection":[{"href":"https:\/\/eldiariodesanpedro.com.ar\/sitio\/wp-json\/wp\/v2\/posts"}],"about":[{"href":"https:\/\/eldiariodesanpedro.com.ar\/sitio\/wp-json\/wp\/v2\/types\/post"}],"author":[{"embeddable":true,"href":"https:\/\/eldiariodesanpedro.com.ar\/sitio\/wp-json\/wp\/v2\/users\/1"}],"replies":[{"embeddable":true,"href":"https:\/\/eldiariodesanpedro.com.ar\/sitio\/wp-json\/wp\/v2\/comments?post=146806"}],"version-history":[{"count":0,"href":"https:\/\/eldiariodesanpedro.com.ar\/sitio\/wp-json\/wp\/v2\/posts\/146806\/revisions"}],"wp:featuredmedia":[{"embeddable":true,"href":"https:\/\/eldiariodesanpedro.com.ar\/sitio\/wp-json\/wp\/v2\/media\/146805"}],"wp:attachment":[{"href":"https:\/\/eldiariodesanpedro.com.ar\/sitio\/wp-json\/wp\/v2\/media?parent=146806"}],"wp:term":[{"taxonomy":"category","embeddable":true,"href":"https:\/\/eldiariodesanpedro.com.ar\/sitio\/wp-json\/wp\/v2\/categories?post=146806"},{"taxonomy":"post_tag","embeddable":true,"href":"https:\/\/eldiariodesanpedro.com.ar\/sitio\/wp-json\/wp\/v2\/tags?post=146806"}],"curies":[{"name":"wp","href":"https:\/\/api.w.org\/{rel}","templated":true}]}}