{"id":146804,"date":"2026-01-06T20:00:46","date_gmt":"2026-01-06T23:00:46","guid":{"rendered":"https:\/\/eldiariodesanpedro.com.ar\/sitio\/identifican-al-autor-del-violento-asalto-a-una-vendedora-en-una-muebleria-de-rosario\/"},"modified":"2026-01-06T20:00:46","modified_gmt":"2026-01-06T23:00:46","slug":"identifican-al-autor-del-violento-asalto-a-una-vendedora-en-una-muebleria-de-rosario","status":"publish","type":"post","link":"https:\/\/eldiariodesanpedro.com.ar\/sitio\/identifican-al-autor-del-violento-asalto-a-una-vendedora-en-una-muebleria-de-rosario\/","title":{"rendered":"Identifican al autor del violento asalto a una vendedora en una muebler\u00eda de Rosario"},"content":{"rendered":"<p><!-- VideographyWP Plugin Message: Automatic video embedding prevented by plugin options. --><\/p>\n<p><strong>Las autoridades lograron identificar al sospechoso que protagoniz\u00f3 un violento robo<\/strong> en una muebler\u00eda de la ciudad de Rosario. El hecho ocurri\u00f3 cuando una vendedora fue <strong>golpeada y mordida<\/strong> por el agresor, quien logr\u00f3 huir tras llevarse dinero en efectivo y pertenencias personales de la v\u00edctima.<\/p>\n<p>La investigaci\u00f3n se desarroll\u00f3 tras recolectar evidencias del local y analizar las c\u00e1maras de seguridad. El caso gener\u00f3 una fuerte conmoci\u00f3n entre los trabajadores y vecinos de la zona, dado el alto nivel de violencia exhibido durante el asalto.<\/p>\n<p>Desde la fuerza policial aseguraron que, tras la identificaci\u00f3n del presunto autor, se intensificaron las tareas para dar con su paradero y proceder a su detenci\u00f3n. Mientras tanto, la empleada se encuentra bajo tratamiento por las lesiones sufridas y recibiendo acompa\u00f1amiento psicol\u00f3gico.<\/p>\n","protected":false},"excerpt":{"rendered":"<p>La polic\u00eda logr\u00f3 identificar al hombre que atac\u00f3 brutalmente a una empleada durante un robo en un local c\u00e9ntrico de la ciudad.<\/p>\n","protected":false},"author":1,"featured_media":146803,"comment_status":"","ping_status":"","sticky":false,"template":"","format":"standard","meta":{"om_disable_all_campaigns":false,"_jetpack_memberships_contains_paid_content":false,"footnotes":""},"categories":[3],"tags":[],"class_list":["post-146804","post","type-post","status-publish","format-standard","has-post-thumbnail","hentry","category-nacionales"],"aioseo_notices":[],"gutentor_comment":0,"jetpack_featured_media_url":"https:\/\/eldiariodesanpedro.com.ar\/sitio\/wp-content\/uploads\/2026\/01\/josue-alexis-urquia-agresor-de-la-empleada-de-una-muebleria-en-rosario-foto-mpa-T5ATBAUDW5C5RARJGO427G3PHM.jpg","jetpack_shortlink":"https:\/\/wp.me\/p6RhLt-CbO","jetpack_sharing_enabled":true,"_links":{"self":[{"href":"https:\/\/eldiariodesanpedro.com.ar\/sitio\/wp-json\/wp\/v2\/posts\/146804","targetHints":{"allow":["GET"]}}],"collection":[{"href":"https:\/\/eldiariodesanpedro.com.ar\/sitio\/wp-json\/wp\/v2\/posts"}],"about":[{"href":"https:\/\/eldiariodesanpedro.com.ar\/sitio\/wp-json\/wp\/v2\/types\/post"}],"author":[{"embeddable":true,"href":"https:\/\/eldiariodesanpedro.com.ar\/sitio\/wp-json\/wp\/v2\/users\/1"}],"replies":[{"embeddable":true,"href":"https:\/\/eldiariodesanpedro.com.ar\/sitio\/wp-json\/wp\/v2\/comments?post=146804"}],"version-history":[{"count":0,"href":"https:\/\/eldiariodesanpedro.com.ar\/sitio\/wp-json\/wp\/v2\/posts\/146804\/revisions"}],"wp:featuredmedia":[{"embeddable":true,"href":"https:\/\/eldiariodesanpedro.com.ar\/sitio\/wp-json\/wp\/v2\/media\/146803"}],"wp:attachment":[{"href":"https:\/\/eldiariodesanpedro.com.ar\/sitio\/wp-json\/wp\/v2\/media?parent=146804"}],"wp:term":[{"taxonomy":"category","embeddable":true,"href":"https:\/\/eldiariodesanpedro.com.ar\/sitio\/wp-json\/wp\/v2\/categories?post=146804"},{"taxonomy":"post_tag","embeddable":true,"href":"https:\/\/eldiariodesanpedro.com.ar\/sitio\/wp-json\/wp\/v2\/tags?post=146804"}],"curies":[{"name":"wp","href":"https:\/\/api.w.org\/{rel}","templated":true}]}}